{"id":497,"date":"2026-08-30T16:19:35","date_gmt":"2026-08-30T19:19:35","guid":{"rendered":"https:\/\/cidadeemalta.com.br\/?p=497"},"modified":"2026-08-30T16:19:37","modified_gmt":"2026-08-30T19:19:37","slug":"cruz-alta-avanca-como-centro-de-formacao-em-seguranca-publica-com-formatura-de-180-bombeiros-temporarios","status":"publish","type":"post","link":"https:\/\/cidadeemalta.com.br\/en\/cruz-alta-avanca-como-centro-de-formacao-em-seguranca-publica-com-formatura-de-180-bombeiros-temporarios\/","title":{"rendered":"CRUZ ALTA AVAN\u00c7A COMO CENTRO DE FORMA\u00c7\u00c3O EM SEGURAN\u00c7A P\u00daBLICA COM FORMATURA DE 180 BOMBEIROS TEMPOR\u00c1RIOS"},"content":{"rendered":"<p class=\"wp-block-paragraph\">Primeira de tr\u00eas turmas formadas no munic\u00edpio refor\u00e7a a proposta de consolidar Cruz Alta como refer\u00eancia na forma\u00e7\u00e3o e capacita\u00e7\u00e3o na \u00e1rea da seguran\u00e7a p\u00fablica<\/p>\n\n\n\n<p class=\"wp-block-paragraph\">Por Cidade em Alta | Rep\u00f3rter Adeildo Bueno Ribeiro<\/p>\n\n\n\n<p class=\"wp-block-paragraph\">Cruz Alta viveu um momento importante para a seguran\u00e7a p\u00fablica com a formatura de 180 soldados tempor\u00e1rios do Corpo de Bombeiros Militar. A solenidade marcou a conclus\u00e3o da primeira de tr\u00eas turmas previstas para passar pelo novo centro de forma\u00e7\u00e3o instalado no munic\u00edpio.<\/p>\n\n\n\n<p class=\"wp-block-paragraph\">Durante entrevista concedida ao rep\u00f3rter Amauri, da R\u00e1dio Cruz Alta, a prefeita de Cruz Alta destacou a import\u00e2ncia da iniciativa e afirmou que a forma\u00e7\u00e3o representa a concretiza\u00e7\u00e3o de um projeto que busca fortalecer a voca\u00e7\u00e3o do munic\u00edpio na \u00e1rea da seguran\u00e7a p\u00fablica.<\/p>\n\n\n\n<p class=\"wp-block-paragraph\">A prefeita ressaltou que Cruz Alta j\u00e1 possui uma importante tradi\u00e7\u00e3o na forma\u00e7\u00e3o militar, por sediar a Escola de Aperfei\u00e7oamento de Sargentos das Armas (EASA), do Ex\u00e9rcito Brasileiro, e que agora passa a ampliar essa presen\u00e7a com a forma\u00e7\u00e3o de integrantes do Corpo de Bombeiros Militar.<\/p>\n\n\n\n<p class=\"wp-block-paragraph\">\u201cHoje a gente viu aqui a formatura desses 180 soldados tempor\u00e1rios do Corpo de Bombeiros, mas \u00e9 a primeira de tr\u00eas turmas que passar\u00e3o aqui por Cruz Alta, nesse novo centro de forma\u00e7\u00e3o de seguran\u00e7a\u201d, destacou.<\/p>\n\n\n\n<p class=\"wp-block-paragraph\">Segundo a prefeita, a inten\u00e7\u00e3o \u00e9 trabalhar para que Cruz Alta se consolide cada vez mais como um centro de forma\u00e7\u00e3o na \u00e1rea da seguran\u00e7a p\u00fablica, trazendo profissionais para a cidade e gerando reflexos positivos tamb\u00e9m para a comunidade.<\/p>\n\n\n\n<p class=\"wp-block-paragraph\">ARTICULA\u00c7\u00c3O E PARCERIA DO MUNIC\u00cdPIO<\/p>\n\n\n\n<p class=\"wp-block-paragraph\">A implanta\u00e7\u00e3o da forma\u00e7\u00e3o em Cruz Alta contou com a participa\u00e7\u00e3o da Prefeitura, que realizou a cess\u00e3o do espa\u00e7o necess\u00e1rio para o desenvolvimento das atividades.<\/p>\n\n\n\n<p class=\"wp-block-paragraph\">Durante a entrevista, a prefeita tamb\u00e9m destacou a articula\u00e7\u00e3o do tenente De Paula, ex-comandante, que apresentou e trabalhou pela concretiza\u00e7\u00e3o da proposta no munic\u00edpio. Marion tamb\u00e9m foi mencionado pela prefeita entre os participantes desse processo.<\/p>\n\n\n\n<p class=\"wp-block-paragraph\">Para a administra\u00e7\u00e3o municipal, receber novas turmas significa ampliar a presen\u00e7a de profissionais da seguran\u00e7a em Cruz Alta, movimentar o munic\u00edpio e permitir que pessoas de diferentes localidades conhe\u00e7am a cidade durante o per\u00edodo de forma\u00e7\u00e3o.<\/p>\n\n\n\n<p class=\"wp-block-paragraph\">A prefeita destacou ainda a dimens\u00e3o da cerim\u00f4nia realizada com os novos soldados e seus familiares.<\/p>\n\n\n\n<p class=\"wp-block-paragraph\">\u201cFoi uma linda cerim\u00f4nia, emocionante, junto com as fam\u00edlias. A Prefeitura de Cruz Alta seguir\u00e1 parceira, com certeza, nas novas formaturas e queremos cada vez mais trazer soldados para serem treinados aqui na nossa cidade\u201d, afirmou.<\/p>\n\n\n\n<p class=\"wp-block-paragraph\">MAIS DUAS TURMAS E 544 NOVOS SERVIDORES TEMPOR\u00c1RIOS<\/p>\n\n\n\n<p class=\"wp-block-paragraph\">O comandante do Corpo de Bombeiros, Coronel BM Mattei, destacou que a primeira formatura integra um processo mais amplo de fortalecimento do efetivo da corpora\u00e7\u00e3o.<\/p>\n\n\n\n<p class=\"wp-block-paragraph\">A perspectiva apresentada \u00e9 de ingresso de mais duas turmas ainda em 2026, com a forma\u00e7\u00e3o completa prevista at\u00e9 fevereiro de 2027.<\/p>\n\n\n\n<p class=\"wp-block-paragraph\">Ao final desse processo, a previs\u00e3o \u00e9 de que sejam incorporados 544 novos servidores tempor\u00e1rios \u00e0 corpora\u00e7\u00e3o.<\/p>\n\n\n\n<p class=\"wp-block-paragraph\">O Coronel BM Mattei reconheceu os desafios enfrentados atualmente, mas ressaltou o trabalho e a dedica\u00e7\u00e3o empregados para ampliar os recursos humanos da institui\u00e7\u00e3o.<\/p>\n\n\n\n<p class=\"wp-block-paragraph\">\u201c\u00c9 um trabalho que n\u00e3o \u00e9 f\u00e1cil. O momento que a gente vive n\u00e3o \u00e9 um momento f\u00e1cil, mas a gente tem colocado muito esfor\u00e7o e dedica\u00e7\u00e3o para poder aproveitar esse momento e incorporar \u00e0 nossa institui\u00e7\u00e3o o fortalecimento desses t\u00e3o importantes recursos humanos\u201d, destacou.<\/p>\n\n\n\n<p class=\"wp-block-paragraph\">CRUZ ALTA FORTALECE SUA VOCA\u00c7\u00c3O NA SEGURAN\u00c7A<\/p>\n\n\n\n<p class=\"wp-block-paragraph\">A realiza\u00e7\u00e3o da primeira formatura representa um novo passo para Cruz Alta na \u00e1rea da forma\u00e7\u00e3o e capacita\u00e7\u00e3o de profissionais ligados \u00e0 seguran\u00e7a.<\/p>\n\n\n\n<p class=\"wp-block-paragraph\">Com a presen\u00e7a hist\u00f3rica da EASA e, agora, com a forma\u00e7\u00e3o de soldados tempor\u00e1rios do Corpo de Bombeiros Militar, o munic\u00edpio amplia sua import\u00e2ncia estrat\u00e9gica e institucional no Estado.<\/p>\n\n\n\n<p class=\"wp-block-paragraph\">Al\u00e9m do fortalecimento da seguran\u00e7a p\u00fablica, a chegada de novas turmas tamb\u00e9m representa circula\u00e7\u00e3o de pessoas, presen\u00e7a de familiares e profissionais e maior proje\u00e7\u00e3o de Cruz Alta para outras regi\u00f5es.<\/p>\n\n\n\n<p class=\"wp-block-paragraph\">A formatura dos primeiros 180 soldados marca, portanto, o in\u00edcio de uma nova etapa. Com outras duas turmas previstas, Cruz Alta busca consolidar-se cada vez mais como uma cidade de refer\u00eancia na forma\u00e7\u00e3o de profissionais preparados para servir e proteger a popula\u00e7\u00e3o.<\/p>\n\n\n\n<p class=\"wp-block-paragraph\">Cr\u00e9ditos da cobertura:<\/p>\n\n\n\n<p class=\"wp-block-paragraph\">Entrevista: Rep\u00f3rter Amauri \u2013 R\u00e1dio Cruz Alta<\/p>\n\n\n\n<p class=\"wp-block-paragraph\">Imagens (prints) e edi\u00e7\u00e3o: Rep\u00f3rter Adeildo Bueno Ribeiro \u2013 Cidade em Alta<\/p>\n\n\n\n<p class=\"wp-block-paragraph\">Texto e publica\u00e7\u00e3o: Cidade em Alta | Rep\u00f3rter Adeildo Bueno Ribeiro<\/p>\n\n\n\n<figure class=\"wp-block-image size-large\"><img loading=\"lazy\" decoding=\"async\" width=\"1024\" height=\"1024\" src=\"https:\/\/cidadeemalta.com.br\/wp-content\/uploads\/2026\/08\/image-14-1024x1024.png\" alt=\"\" class=\"wp-image-500\" srcset=\"https:\/\/cidadeemalta.com.br\/wp-content\/uploads\/2026\/08\/image-14-1024x1024.png 1024w, https:\/\/cidadeemalta.com.br\/wp-content\/uploads\/2026\/08\/image-14-300x300.png 300w, https:\/\/cidadeemalta.com.br\/wp-content\/uploads\/2026\/08\/image-14-150x150.png 150w, https:\/\/cidadeemalta.com.br\/wp-content\/uploads\/2026\/08\/image-14-768x768.png 768w, https:\/\/cidadeemalta.com.br\/wp-content\/uploads\/2026\/08\/image-14-12x12.png 12w, https:\/\/cidadeemalta.com.br\/wp-content\/uploads\/2026\/08\/image-14.png 1254w\" sizes=\"auto, (max-width: 1024px) 100vw, 1024px\" \/><\/figure>\n\n\n\n<figure class=\"wp-block-image size-full\"><img loading=\"lazy\" decoding=\"async\" width=\"800\" height=\"450\" src=\"https:\/\/cidadeemalta.com.br\/wp-content\/uploads\/2026\/08\/SITE-RADIO-CIDADE-POSTAGEM-NOTICIAS-1.png\" alt=\"\" class=\"wp-image-498\" srcset=\"https:\/\/cidadeemalta.com.br\/wp-content\/uploads\/2026\/08\/SITE-RADIO-CIDADE-POSTAGEM-NOTICIAS-1.png 800w, https:\/\/cidadeemalta.com.br\/wp-content\/uploads\/2026\/08\/SITE-RADIO-CIDADE-POSTAGEM-NOTICIAS-1-300x169.png 300w, https:\/\/cidadeemalta.com.br\/wp-content\/uploads\/2026\/08\/SITE-RADIO-CIDADE-POSTAGEM-NOTICIAS-1-768x432.png 768w, https:\/\/cidadeemalta.com.br\/wp-content\/uploads\/2026\/08\/SITE-RADIO-CIDADE-POSTAGEM-NOTICIAS-1-18x10.png 18w\" sizes=\"auto, (max-width: 800px) 100vw, 800px\" \/><\/figure>\n\n\n\n<figure class=\"wp-block-image size-full\"><img loading=\"lazy\" decoding=\"async\" width=\"800\" height=\"450\" src=\"https:\/\/cidadeemalta.com.br\/wp-content\/uploads\/2026\/08\/SITE-RADIO-CIDADE-POSTAGEM-NOTICIAS-1-1.png\" alt=\"\" class=\"wp-image-499\" srcset=\"https:\/\/cidadeemalta.com.br\/wp-content\/uploads\/2026\/08\/SITE-RADIO-CIDADE-POSTAGEM-NOTICIAS-1-1.png 800w, https:\/\/cidadeemalta.com.br\/wp-content\/uploads\/2026\/08\/SITE-RADIO-CIDADE-POSTAGEM-NOTICIAS-1-1-18x10.png 18w, https:\/\/cidadeemalta.com.br\/wp-content\/uploads\/2026\/08\/SITE-RADIO-CIDADE-POSTAGEM-NOTICIAS-1-1-768x432.png 768w, https:\/\/cidadeemalta.com.br\/wp-content\/uploads\/2026\/08\/SITE-RADIO-CIDADE-POSTAGEM-NOTICIAS-1-1-300x169.png 300w\" sizes=\"auto, (max-width: 800px) 100vw, 800px\" \/><\/figure>\n\n\n\n<figure class=\"wp-block-image size-full\"><img loading=\"lazy\" decoding=\"async\" width=\"800\" height=\"450\" src=\"https:\/\/cidadeemalta.com.br\/wp-content\/uploads\/2026\/08\/5.png\" alt=\"\" class=\"wp-image-501\" srcset=\"https:\/\/cidadeemalta.com.br\/wp-content\/uploads\/2026\/08\/5.png 800w, https:\/\/cidadeemalta.com.br\/wp-content\/uploads\/2026\/08\/5-300x169.png 300w, https:\/\/cidadeemalta.com.br\/wp-content\/uploads\/2026\/08\/5-18x10.png 18w, https:\/\/cidadeemalta.com.br\/wp-content\/uploads\/2026\/08\/5-768x432.png 768w\" sizes=\"auto, (max-width: 800px) 100vw, 800px\" \/><\/figure>\n\n\n\n<figure class=\"wp-block-image size-full\"><img loading=\"lazy\" decoding=\"async\" width=\"800\" height=\"450\" src=\"https:\/\/cidadeemalta.com.br\/wp-content\/uploads\/2026\/08\/4-1.png\" alt=\"\" class=\"wp-image-502\" srcset=\"https:\/\/cidadeemalta.com.br\/wp-content\/uploads\/2026\/08\/4-1.png 800w, https:\/\/cidadeemalta.com.br\/wp-content\/uploads\/2026\/08\/4-1-768x432.png 768w, https:\/\/cidadeemalta.com.br\/wp-content\/uploads\/2026\/08\/4-1-18x10.png 18w, https:\/\/cidadeemalta.com.br\/wp-content\/uploads\/2026\/08\/4-1-300x169.png 300w\" sizes=\"auto, (max-width: 800px) 100vw, 800px\" \/><\/figure>","protected":false},"excerpt":{"rendered":"<p>Primeira de tr\u00eas turmas formadas no munic\u00edpio refor\u00e7a a proposta de consolidar Cruz Alta como refer\u00eancia na forma\u00e7\u00e3o e capacita\u00e7\u00e3o [&hellip;]<\/p>\n","protected":false},"author":1,"featured_media":500,"comment_status":"open","ping_status":"open","sticky":false,"template":"","format":"standard","meta":{"_uag_custom_page_level_css":"","_monsterinsights_skip_tracking":false,"_uf_show_specific_survey":0,"_uf_disable_surveys":false,"site-sidebar-layout":"default","site-content-layout":"","ast-site-content-layout":"default","site-content-style":"default","site-sidebar-style":"default","ast-global-header-display":"","ast-banner-title-visibility":"","ast-main-header-display":"","ast-hfb-above-header-display":"","ast-hfb-below-header-display":"","ast-hfb-mobile-header-display":"","site-post-title":"","ast-breadcrumbs-content":"","ast-featured-img":"","footer-sml-layout":"","ast-disable-related-posts":"","theme-transparent-header-meta":"","adv-header-id-meta":"","stick-header-meta":"","header-above-stick-meta":"","header-main-stick-meta":"","header-below-stick-meta":"","astra-migrate-meta-layouts":"default","ast-page-background-enabled":"default","ast-page-background-meta":{"desktop":{"background-color":"var(--ast-global-color-5)","background-image":"","background-repeat":"repeat","background-position":"center center","background-size":"auto","background-attachment":"scroll","background-type":"","background-media":"","overlay-type":"","overlay-color":"","overlay-opacity":"","overlay-gradient":""},"tablet":{"background-color":"","background-image":"","background-repeat":"repeat","background-position":"center center","background-size":"auto","background-attachment":"scroll","background-type":"","background-media":"","overlay-type":"","overlay-color":"","overlay-opacity":"","overlay-gradient":""},"mobile":{"background-color":"","background-image":"","background-repeat":"repeat","background-position":"center center","background-size":"auto","background-attachment":"scroll","background-type":"","background-media":"","overlay-type":"","overlay-color":"","overlay-opacity":"","overlay-gradient":""}},"ast-content-background-meta":{"desktop":{"background-color":"var(--ast-global-color-4)","background-image":"","background-repeat":"repeat","background-position":"center center","background-size":"auto","background-attachment":"scroll","background-type":"","background-media":"","overlay-type":"","overlay-color":"","overlay-opacity":"","overlay-gradient":""},"tablet":{"background-color":"var(--ast-global-color-4)","background-image":"","background-repeat":"repeat","background-position":"center center","background-size":"auto","background-attachment":"scroll","background-type":"","background-media":"","overlay-type":"","overlay-color":"","overlay-opacity":"","overlay-gradient":""},"mobile":{"background-color":"var(--ast-global-color-4)","background-image":"","background-repeat":"repeat","background-position":"center center","background-size":"auto","background-attachment":"scroll","background-type":"","background-media":"","overlay-type":"","overlay-color":"","overlay-opacity":"","overlay-gradient":""}},"footnotes":""},"categories":[13,18],"tags":[],"class_list":["post-497","post","type-post","status-publish","format-standard","has-post-thumbnail","hentry","category-cruz-alta","category-seguranca"],"aioseo_notices":[],"uagb_featured_image_src":{"full":["https:\/\/cidadeemalta.com.br\/wp-content\/uploads\/2026\/08\/image-14.png",1254,1254,false],"thumbnail":["https:\/\/cidadeemalta.com.br\/wp-content\/uploads\/2026\/08\/image-14-150x150.png",150,150,true],"medium":["https:\/\/cidadeemalta.com.br\/wp-content\/uploads\/2026\/08\/image-14-300x300.png",300,300,true],"medium_large":["https:\/\/cidadeemalta.com.br\/wp-content\/uploads\/2026\/08\/image-14-768x768.png",768,768,true],"large":["https:\/\/cidadeemalta.com.br\/wp-content\/uploads\/2026\/08\/image-14-1024x1024.png",1024,1024,true],"1536x1536":["https:\/\/cidadeemalta.com.br\/wp-content\/uploads\/2026\/08\/image-14.png",1254,1254,false],"2048x2048":["https:\/\/cidadeemalta.com.br\/wp-content\/uploads\/2026\/08\/image-14.png",1254,1254,false],"trp-custom-language-flag":["https:\/\/cidadeemalta.com.br\/wp-content\/uploads\/2026\/08\/image-14-12x12.png",12,12,true]},"uagb_author_info":{"display_name":"Adeildo Bueno | Cidade em Alta","author_link":"https:\/\/cidadeemalta.com.br\/en\/author\/cidadeemalta2026\/"},"uagb_comment_info":0,"uagb_excerpt":"Primeira de tr\u00eas turmas formadas no munic\u00edpio refor\u00e7a a proposta de consolidar Cruz Alta como refer\u00eancia na forma\u00e7\u00e3o e capacita\u00e7\u00e3o [&hellip;]","_links":{"self":[{"href":"https:\/\/cidadeemalta.com.br\/en\/wp-json\/wp\/v2\/posts\/497","targetHints":{"allow":["GET"]}}],"collection":[{"href":"https:\/\/cidadeemalta.com.br\/en\/wp-json\/wp\/v2\/posts"}],"about":[{"href":"https:\/\/cidadeemalta.com.br\/en\/wp-json\/wp\/v2\/types\/post"}],"author":[{"embeddable":true,"href":"https:\/\/cidadeemalta.com.br\/en\/wp-json\/wp\/v2\/users\/1"}],"replies":[{"embeddable":true,"href":"https:\/\/cidadeemalta.com.br\/en\/wp-json\/wp\/v2\/comments?post=497"}],"version-history":[{"count":1,"href":"https:\/\/cidadeemalta.com.br\/en\/wp-json\/wp\/v2\/posts\/497\/revisions"}],"predecessor-version":[{"id":503,"href":"https:\/\/cidadeemalta.com.br\/en\/wp-json\/wp\/v2\/posts\/497\/revisions\/503"}],"wp:featuredmedia":[{"embeddable":true,"href":"https:\/\/cidadeemalta.com.br\/en\/wp-json\/wp\/v2\/media\/500"}],"wp:attachment":[{"href":"https:\/\/cidadeemalta.com.br\/en\/wp-json\/wp\/v2\/media?parent=497"}],"wp:term":[{"taxonomy":"category","embeddable":true,"href":"https:\/\/cidadeemalta.com.br\/en\/wp-json\/wp\/v2\/categories?post=497"},{"taxonomy":"post_tag","embeddable":true,"href":"https:\/\/cidadeemalta.com.br\/en\/wp-json\/wp\/v2\/tags?post=497"}],"curies":[{"name":"wp","href":"https:\/\/api.w.org\/{rel}","templated":true}]}}