{"id":493,"date":"2026-08-24T16:43:44","date_gmt":"2026-08-24T19:43:44","guid":{"rendered":"https:\/\/cidadeemalta.com.br\/?p=493"},"modified":"2026-08-24T16:43:47","modified_gmt":"2026-08-24T19:43:47","slug":"o-vereador-joao-paulo-telles-participou-nesta-segunda-feira-24-de-evento-realizado-na-casa-de-cultura-de-cruz-alta-reunindo-autoridades-liderancas-e-a-comunidade","status":"publish","type":"post","link":"https:\/\/cidadeemalta.com.br\/en\/o-vereador-joao-paulo-telles-participou-nesta-segunda-feira-24-de-evento-realizado-na-casa-de-cultura-de-cruz-alta-reunindo-autoridades-liderancas-e-a-comunidade\/","title":{"rendered":"O vereador Jo\u00e3o Paulo Telles participou nesta segunda-feira (24) de evento realizado na Casa de Cultura de Cruz Alta, reunindo autoridades, lideran\u00e7as e a comunidade."},"content":{"rendered":"\n<p class=\"wp-block-paragraph\">Hoje tive a satisfa\u00e7\u00e3o de participar das atividades da <strong>Semana Municipal da Pessoa com Defici\u00eancia Intelectual e M\u00faltipla<\/strong>, aqui em Cruz Alta.<\/p>\n\n\n\n<p class=\"wp-block-paragraph\">Este \u00e9 um momento importante para refor\u00e7armos a <strong>inclus\u00e3o, o respeito, a acessibilidade e, principalmente, a cria\u00e7\u00e3o de oportunidades para todos<\/strong>.<\/p>\n\n\n\n<p class=\"wp-block-paragraph\">Quero reconhecer tamb\u00e9m o trabalho da <strong>Prefeita Dra. Paula Rubin Facco Librelotto e de toda a Administra\u00e7\u00e3o Municipal<\/strong>, que vem buscando criar oportunidades e fortalecer pol\u00edticas p\u00fablicas voltadas \u00e0s pessoas com defici\u00eancia e \u00e0s suas fam\u00edlias.<\/p>\n\n\n\n<p class=\"wp-block-paragraph\">Parabenizo ainda as entidades, os profissionais e todos aqueles que diariamente trabalham pela inclus\u00e3o em nosso munic\u00edpio.<\/p>\n\n\n\n<p class=\"wp-block-paragraph\">Como vereador, sigo \u00e0 disposi\u00e7\u00e3o para <strong>ouvir, apoiar e contribuir com iniciativas que promovam mais dignidade, oportunidades e qualidade de vida para nossa popula\u00e7\u00e3o<\/strong>.<\/p>\n\n\n\n<p class=\"wp-block-paragraph\">Contem com o nosso gabinete.<\/p>\n\n\n\n<p class=\"wp-block-paragraph\"><strong>Uma Cruz Alta melhor se constr\u00f3i com inclus\u00e3o, respeito e oportunidades para todos.<\/strong><\/p>\n\n\n\n<p class=\"wp-block-paragraph\"><a href=\"https:\/\/www.facebook.com\/watch\/hashtag\/cidadeemalta\/?__cft__[0]=AZYvi5AD2MxdW8ebgvTfCA2kiSsqK8PQV9UMS9QuULPztnAY-uf8xlN8Z13iECNuGvNFz4ytDJC0ZZ3xJPKyPKCTTzStGmHcaLysPUr9x_ULjOas7bQjr5r-x4sYqWUOm40ws1QSA5DuRg9_2O34S_ee347w3HsjxTGJFnLFePQgX83c8XcmlreVITKk0IhTVXIo8ROUlBmCRiJyBR7Gz0A-&amp;__tn__=*NK-R\">#CidadeEmAlta<\/a><a href=\"https:\/\/www.facebook.com\/watch\/hashtag\/cruzalta\/?__cft__[0]=AZYvi5AD2MxdW8ebgvTfCA2kiSsqK8PQV9UMS9QuULPztnAY-uf8xlN8Z13iECNuGvNFz4ytDJC0ZZ3xJPKyPKCTTzStGmHcaLysPUr9x_ULjOas7bQjr5r-x4sYqWUOm40ws1QSA5DuRg9_2O34S_ee347w3HsjxTGJFnLFePQgX83c8XcmlreVITKk0IhTVXIo8ROUlBmCRiJyBR7Gz0A-&amp;__tn__=*NK-R\">#CruzAlta<\/a><a href=\"https:\/\/www.facebook.com\/watch\/hashtag\/jo%C3%A3opaulotelles\/?__cft__[0]=AZYvi5AD2MxdW8ebgvTfCA2kiSsqK8PQV9UMS9QuULPztnAY-uf8xlN8Z13iECNuGvNFz4ytDJC0ZZ3xJPKyPKCTTzStGmHcaLysPUr9x_ULjOas7bQjr5r-x4sYqWUOm40ws1QSA5DuRg9_2O34S_ee347w3HsjxTGJFnLFePQgX83c8XcmlreVITKk0IhTVXIo8ROUlBmCRiJyBR7Gz0A-&amp;__tn__=*NK-R\">#Jo\u00e3oPauloTelles<\/a><a href=\"https:\/\/www.facebook.com\/watch\/hashtag\/republicanos\/?__cft__[0]=AZYvi5AD2MxdW8ebgvTfCA2kiSsqK8PQV9UMS9QuULPztnAY-uf8xlN8Z13iECNuGvNFz4ytDJC0ZZ3xJPKyPKCTTzStGmHcaLysPUr9x_ULjOas7bQjr5r-x4sYqWUOm40ws1QSA5DuRg9_2O34S_ee347w3HsjxTGJFnLFePQgX83c8XcmlreVITKk0IhTVXIo8ROUlBmCRiJyBR7Gz0A-&amp;__tn__=*NK-R\">#Republicanos<\/a><a href=\"https:\/\/www.facebook.com\/watch\/hashtag\/seguran%C3%A7ap%C3%BAblica\/?__cft__[0]=AZYvi5AD2MxdW8ebgvTfCA2kiSsqK8PQV9UMS9QuULPztnAY-uf8xlN8Z13iECNuGvNFz4ytDJC0ZZ3xJPKyPKCTTzStGmHcaLysPUr9x_ULjOas7bQjr5r-x4sYqWUOm40ws1QSA5DuRg9_2O34S_ee347w3HsjxTGJFnLFePQgX83c8XcmlreVITKk0IhTVXIo8ROUlBmCRiJyBR7Gz0A-&amp;__tn__=*NK-R\">#Seguran\u00e7aP\u00fablica<\/a><\/p>\n\n\n\n<figure class=\"wp-block-embed\"><div class=\"wp-block-embed__wrapper\">\nhttps:\/\/www.facebook.com\/reel\/1690429039351032\n<\/div><\/figure>\n\n\n\n<figure class=\"wp-block-video\"><video height=\"1280\" style=\"aspect-ratio: 720 \/ 1280;\" width=\"720\" controls src=\"https:\/\/cidadeemalta.com.br\/wp-content\/uploads\/2026\/08\/FDownloader.Net_AQNp-CR6iPDdQIwh3JbfNa25FbeYqh1vh1Wx9_U8nEfjg2UCCijf1v2bwRjugiw_jtsL0Pi03i2eXAaprH96R0Ca2GWaCQMLBYpKcLclS6i5Rw_720p_HD.mp4\"><\/video><\/figure>\n","protected":false},"excerpt":{"rendered":"<p>Hoje tive a satisfa\u00e7\u00e3o de participar das atividades da Semana Municipal da Pessoa com Defici\u00eancia Intelectual e M\u00faltipla, aqui em [&hellip;]<\/p>\n","protected":false},"author":1,"featured_media":495,"comment_status":"open","ping_status":"open","sticky":false,"template":"","format":"standard","meta":{"_uag_custom_page_level_css":"","_monsterinsights_skip_tracking":false,"_uf_show_specific_survey":0,"_uf_disable_surveys":false,"site-sidebar-layout":"default","site-content-layout":"","ast-site-content-layout":"default","site-content-style":"default","site-sidebar-style":"default","ast-global-header-display":"","ast-banner-title-visibility":"","ast-main-header-display":"","ast-hfb-above-header-display":"","ast-hfb-below-header-display":"","ast-hfb-mobile-header-display":"","site-post-title":"","ast-breadcrumbs-content":"","ast-featured-img":"","footer-sml-layout":"","ast-disable-related-posts":"","theme-transparent-header-meta":"","adv-header-id-meta":"","stick-header-meta":"","header-above-stick-meta":"","header-main-stick-meta":"","header-below-stick-meta":"","astra-migrate-meta-layouts":"default","ast-page-background-enabled":"default","ast-page-background-meta":{"desktop":{"background-color":"var(--ast-global-color-5)","background-image":"","background-repeat":"repeat","background-position":"center center","background-size":"auto","background-attachment":"scroll","background-type":"","background-media":"","overlay-type":"","overlay-color":"","overlay-opacity":"","overlay-gradient":""},"tablet":{"background-color":"","background-image":"","background-repeat":"repeat","background-position":"center center","background-size":"auto","background-attachment":"scroll","background-type":"","background-media":"","overlay-type":"","overlay-color":"","overlay-opacity":"","overlay-gradient":""},"mobile":{"background-color":"","background-image":"","background-repeat":"repeat","background-position":"center center","background-size":"auto","background-attachment":"scroll","background-type":"","background-media":"","overlay-type":"","overlay-color":"","overlay-opacity":"","overlay-gradient":""}},"ast-content-background-meta":{"desktop":{"background-color":"var(--ast-global-color-4)","background-image":"","background-repeat":"repeat","background-position":"center center","background-size":"auto","background-attachment":"scroll","background-type":"","background-media":"","overlay-type":"","overlay-color":"","overlay-opacity":"","overlay-gradient":""},"tablet":{"background-color":"var(--ast-global-color-4)","background-image":"","background-repeat":"repeat","background-position":"center center","background-size":"auto","background-attachment":"scroll","background-type":"","background-media":"","overlay-type":"","overlay-color":"","overlay-opacity":"","overlay-gradient":""},"mobile":{"background-color":"var(--ast-global-color-4)","background-image":"","background-repeat":"repeat","background-position":"center center","background-size":"auto","background-attachment":"scroll","background-type":"","background-media":"","overlay-type":"","overlay-color":"","overlay-opacity":"","overlay-gradient":""}},"footnotes":""},"categories":[16,13,15,18],"tags":[],"class_list":["post-493","post","type-post","status-publish","format-standard","has-post-thumbnail","hentry","category-comunidade","category-cruz-alta","category-politica","category-seguranca"],"aioseo_notices":[],"uagb_featured_image_src":{"full":["https:\/\/cidadeemalta.com.br\/wp-content\/uploads\/2026\/08\/SITE-RADIO-CIDADE-POSTAGEM-NOTICIAS-16.png",800,450,false],"thumbnail":["https:\/\/cidadeemalta.com.br\/wp-content\/uploads\/2026\/08\/SITE-RADIO-CIDADE-POSTAGEM-NOTICIAS-16-150x150.png",150,150,true],"medium":["https:\/\/cidadeemalta.com.br\/wp-content\/uploads\/2026\/08\/SITE-RADIO-CIDADE-POSTAGEM-NOTICIAS-16-300x169.png",300,169,true],"medium_large":["https:\/\/cidadeemalta.com.br\/wp-content\/uploads\/2026\/08\/SITE-RADIO-CIDADE-POSTAGEM-NOTICIAS-16-768x432.png",768,432,true],"large":["https:\/\/cidadeemalta.com.br\/wp-content\/uploads\/2026\/08\/SITE-RADIO-CIDADE-POSTAGEM-NOTICIAS-16.png",800,450,false],"1536x1536":["https:\/\/cidadeemalta.com.br\/wp-content\/uploads\/2026\/08\/SITE-RADIO-CIDADE-POSTAGEM-NOTICIAS-16.png",800,450,false],"2048x2048":["https:\/\/cidadeemalta.com.br\/wp-content\/uploads\/2026\/08\/SITE-RADIO-CIDADE-POSTAGEM-NOTICIAS-16.png",800,450,false],"trp-custom-language-flag":["https:\/\/cidadeemalta.com.br\/wp-content\/uploads\/2026\/08\/SITE-RADIO-CIDADE-POSTAGEM-NOTICIAS-16-18x10.png",18,10,true]},"uagb_author_info":{"display_name":"Adeildo Bueno | Cidade em Alta","author_link":"https:\/\/cidadeemalta.com.br\/en\/author\/cidadeemalta2026\/"},"uagb_comment_info":0,"uagb_excerpt":"Hoje tive a satisfa\u00e7\u00e3o de participar das atividades da Semana Municipal da Pessoa com Defici\u00eancia Intelectual e M\u00faltipla, aqui em [&hellip;]","_links":{"self":[{"href":"https:\/\/cidadeemalta.com.br\/en\/wp-json\/wp\/v2\/posts\/493","targetHints":{"allow":["GET"]}}],"collection":[{"href":"https:\/\/cidadeemalta.com.br\/en\/wp-json\/wp\/v2\/posts"}],"about":[{"href":"https:\/\/cidadeemalta.com.br\/en\/wp-json\/wp\/v2\/types\/post"}],"author":[{"embeddable":true,"href":"https:\/\/cidadeemalta.com.br\/en\/wp-json\/wp\/v2\/users\/1"}],"replies":[{"embeddable":true,"href":"https:\/\/cidadeemalta.com.br\/en\/wp-json\/wp\/v2\/comments?post=493"}],"version-history":[{"count":1,"href":"https:\/\/cidadeemalta.com.br\/en\/wp-json\/wp\/v2\/posts\/493\/revisions"}],"predecessor-version":[{"id":496,"href":"https:\/\/cidadeemalta.com.br\/en\/wp-json\/wp\/v2\/posts\/493\/revisions\/496"}],"wp:featuredmedia":[{"embeddable":true,"href":"https:\/\/cidadeemalta.com.br\/en\/wp-json\/wp\/v2\/media\/495"}],"wp:attachment":[{"href":"https:\/\/cidadeemalta.com.br\/en\/wp-json\/wp\/v2\/media?parent=493"}],"wp:term":[{"taxonomy":"category","embeddable":true,"href":"https:\/\/cidadeemalta.com.br\/en\/wp-json\/wp\/v2\/categories?post=493"},{"taxonomy":"post_tag","embeddable":true,"href":"https:\/\/cidadeemalta.com.br\/en\/wp-json\/wp\/v2\/tags?post=493"}],"curies":[{"name":"wp","href":"https:\/\/api.w.org\/{rel}","templated":true}]}}