{"id":486,"date":"2026-08-24T16:21:54","date_gmt":"2026-08-24T19:21:54","guid":{"rendered":"https:\/\/cidadeemalta.com.br\/?p=486"},"modified":"2026-08-24T16:21:56","modified_gmt":"2026-08-24T19:21:56","slug":"486-2","status":"publish","type":"post","link":"https:\/\/cidadeemalta.com.br\/en\/486-2\/","title":{"rendered":""},"content":{"rendered":"<p class=\"wp-block-paragraph\">Evento realizado na Casa de Cultura reuniu representantes da Administra\u00e7\u00e3o Municipal, C\u00e2mara de Vereadores, secretarias, profissionais, professores, estudantes e comunidade.<\/p>\n\n\n\n<p class=\"wp-block-paragraph\">Evento realizado na Casa de Cultura reuniu representantes da Administra\u00e7\u00e3o Municipal, C\u00e2mara de Vereadores, secretarias, profissionais, professores, estudantes e comunidade.<\/p>\n\n\n\n<p class=\"wp-block-paragraph\">Nesta segunda-feira, 24 de agosto, a Casa de Cultura Justino Martins, em Cruz Alta, recebeu a abertura da Semana Municipal da Pessoa com Defici\u00eancia Intelectual e M\u00faltipla, reunindo autoridades, representantes de diferentes setores do munic\u00edpio e membros da comunidade em torno de uma pauta voltada \u00e0 inclus\u00e3o, acessibilidade e garantia de direitos.<\/p>\n\n\n\n<p class=\"wp-block-paragraph\">Participaram da programa\u00e7\u00e3o representantes da Administra\u00e7\u00e3o Municipal, da C\u00e2mara de Vereadores, secret\u00e1rios municipais, profissionais das \u00e1reas da Sa\u00fade e Assist\u00eancia Social, professores, estudantes e demais convidados. Entre as autoridades presentes estavam a prefeita Dra. Paula Rubin Facco Librelotto e vereadores da C\u00e2mara Municipal &#8230;<\/p>\n\n\n\n<p class=\"wp-block-paragraph\">Durante sua manifesta\u00e7\u00e3o, a prefeita destacou a import\u00e2ncia da uni\u00e3o entre os poderes e ressaltou que a C\u00e2mara de Vereadores est\u00e1 conectada \u00e0s pautas relacionadas \u00e0 inclus\u00e3o e \u00e0 acessibilidade.<\/p>\n\n\n\n<p class=\"wp-block-paragraph\">A chefe do Executivo tamb\u00e9m apresentou algumas das a\u00e7\u00f5es desenvolvidas no munic\u00edpio. Entre elas, citou as novas moradias em constru\u00e7\u00e3o, sendo sete unidades espec\u00edficas voltadas \u00e0s pessoas com defici\u00eancia, al\u00e9m das melhorias de acessibilidade realizadas nos CRAS, que passam por reformas incluindo adequa\u00e7\u00f5es nas rampas de acesso.<\/p>\n\n\n\n<p class=\"wp-block-paragraph\">Na \u00e1rea da sa\u00fade, Dra. Paula destacou a\u00e7\u00f5es de acessibilidade nos postos de sa\u00fade, na Farm\u00e1cia Municipal e tamb\u00e9m no transporte de pacientes. Segundo a prefeita, o munic\u00edpio disp\u00f5e atualmente de vans e ve\u00edculos adaptados para atender pessoas com defici\u00eancia e usu\u00e1rios de cadeira de rodas, com investimentos que tamb\u00e9m contam com recursos obtidos junto ao Governo do Estado.<\/p>\n\n\n\n<p class=\"wp-block-paragraph\">Em sua fala, a prefeita ainda saudou vereadores, autoridades, secret\u00e1rios municipais, professores e os alunos do CIEP presentes na programa\u00e7\u00e3o, agradecendo a participa\u00e7\u00e3o de todos na abertura da Semana.<\/p>\n\n\n\n<p class=\"wp-block-paragraph\">O momento refor\u00e7ou a necessidade de manter o debate sobre inclus\u00e3o para al\u00e9m das datas comemorativas, ampliando pol\u00edticas p\u00fablicas capazes de proporcionar autonomia, dignidade, mobilidade e participa\u00e7\u00e3o efetiva das pessoas com defici\u00eancia na sociedade.<\/p>\n\n\n\n<p class=\"wp-block-paragraph\">Ao encerramento da abertura, o evento tamb\u00e9m teve um momento de confraterniza\u00e7\u00e3o. Os presentes cantaram parab\u00e9ns ao vereador Zeca Amaral, orador da programa\u00e7\u00e3o, pela passagem de seu anivers\u00e1rio.<\/p>\n\n\n\n<p class=\"wp-block-paragraph\">A Semana Municipal da Pessoa com Defici\u00eancia Intelectual e M\u00faltipla segue como espa\u00e7o de conscientiza\u00e7\u00e3o, informa\u00e7\u00e3o e fortalecimento das pol\u00edticas de inclus\u00e3o em Cruz Alta.<\/p>\n\n\n\n<p class=\"wp-block-paragraph\">Por Cidade em Alta | Rep\u00f3rter Adeildo Bueno Ribeiro<\/p>\n\n\n\n<p class=\"wp-block-paragraph\">Cruz Alta \u2013 RS | 24 de agosto de 2026<\/p>\n\n\n\n<figure class=\"wp-block-image size-large\"><img loading=\"lazy\" decoding=\"async\" width=\"1024\" height=\"613\" src=\"https:\/\/cidadeemalta.com.br\/wp-content\/uploads\/2026\/08\/image-13-1024x613.png\" alt=\"\" class=\"wp-image-491\" srcset=\"https:\/\/cidadeemalta.com.br\/wp-content\/uploads\/2026\/08\/image-13-1024x613.png 1024w, https:\/\/cidadeemalta.com.br\/wp-content\/uploads\/2026\/08\/image-13-300x180.png 300w, https:\/\/cidadeemalta.com.br\/wp-content\/uploads\/2026\/08\/image-13-766x459.png 766w, https:\/\/cidadeemalta.com.br\/wp-content\/uploads\/2026\/08\/image-13-18x11.png 18w, https:\/\/cidadeemalta.com.br\/wp-content\/uploads\/2026\/08\/image-13-1536x920.png 1536w, https:\/\/cidadeemalta.com.br\/wp-content\/uploads\/2026\/08\/image-13.png 2042w\" sizes=\"auto, (max-width: 1024px) 100vw, 1024px\" \/><\/figure>\n\n\n\n<figure class=\"wp-block-image size-large\"><img loading=\"lazy\" decoding=\"async\" width=\"1024\" height=\"625\" src=\"http:\/\/cidadeemalta.com.br\/wp-content\/uploads\/2026\/08\/image-9-1024x625.png\" alt=\"\" class=\"wp-image-487\" srcset=\"https:\/\/cidadeemalta.com.br\/wp-content\/uploads\/2026\/08\/image-9-1024x625.png 1024w, https:\/\/cidadeemalta.com.br\/wp-content\/uploads\/2026\/08\/image-9-300x183.png 300w, https:\/\/cidadeemalta.com.br\/wp-content\/uploads\/2026\/08\/image-9-18x11.png 18w, https:\/\/cidadeemalta.com.br\/wp-content\/uploads\/2026\/08\/image-9-767x468.png 767w, https:\/\/cidadeemalta.com.br\/wp-content\/uploads\/2026\/08\/image-9.png 1408w\" sizes=\"auto, (max-width: 1024px) 100vw, 1024px\" \/><\/figure>\n\n\n\n<figure class=\"wp-block-image size-large\"><img loading=\"lazy\" decoding=\"async\" width=\"1024\" height=\"573\" src=\"http:\/\/cidadeemalta.com.br\/wp-content\/uploads\/2026\/08\/image-10-1024x573.png\" alt=\"\" class=\"wp-image-488\" srcset=\"https:\/\/cidadeemalta.com.br\/wp-content\/uploads\/2026\/08\/image-10-1024x573.png 1024w, https:\/\/cidadeemalta.com.br\/wp-content\/uploads\/2026\/08\/image-10-300x168.png 300w, https:\/\/cidadeemalta.com.br\/wp-content\/uploads\/2026\/08\/image-10-767x429.png 767w, https:\/\/cidadeemalta.com.br\/wp-content\/uploads\/2026\/08\/image-10-1536x859.png 1536w, https:\/\/cidadeemalta.com.br\/wp-content\/uploads\/2026\/08\/image-10-18x10.png 18w, https:\/\/cidadeemalta.com.br\/wp-content\/uploads\/2026\/08\/image-10.png 2048w\" sizes=\"auto, (max-width: 1024px) 100vw, 1024px\" \/><\/figure>\n\n\n\n<figure class=\"wp-block-image size-large\"><img loading=\"lazy\" decoding=\"async\" width=\"1024\" height=\"577\" src=\"http:\/\/cidadeemalta.com.br\/wp-content\/uploads\/2026\/08\/image-11-1024x577.png\" alt=\"\" class=\"wp-image-489\" srcset=\"https:\/\/cidadeemalta.com.br\/wp-content\/uploads\/2026\/08\/image-11-1024x577.png 1024w, https:\/\/cidadeemalta.com.br\/wp-content\/uploads\/2026\/08\/image-11-300x169.png 300w, https:\/\/cidadeemalta.com.br\/wp-content\/uploads\/2026\/08\/image-11-767x432.png 767w, https:\/\/cidadeemalta.com.br\/wp-content\/uploads\/2026\/08\/image-11-18x10.png 18w, https:\/\/cidadeemalta.com.br\/wp-content\/uploads\/2026\/08\/image-11.png 1416w\" sizes=\"auto, (max-width: 1024px) 100vw, 1024px\" \/><\/figure>\n\n\n\n<figure class=\"wp-block-image size-large\"><img loading=\"lazy\" decoding=\"async\" width=\"1024\" height=\"576\" src=\"http:\/\/cidadeemalta.com.br\/wp-content\/uploads\/2026\/08\/image-12-1024x576.png\" alt=\"\" class=\"wp-image-490\" srcset=\"https:\/\/cidadeemalta.com.br\/wp-content\/uploads\/2026\/08\/image-12-1024x576.png 1024w, https:\/\/cidadeemalta.com.br\/wp-content\/uploads\/2026\/08\/image-12-300x169.png 300w, https:\/\/cidadeemalta.com.br\/wp-content\/uploads\/2026\/08\/image-12-768x432.png 768w, https:\/\/cidadeemalta.com.br\/wp-content\/uploads\/2026\/08\/image-12-18x10.png 18w, https:\/\/cidadeemalta.com.br\/wp-content\/uploads\/2026\/08\/image-12-1536x864.png 1536w, https:\/\/cidadeemalta.com.br\/wp-content\/uploads\/2026\/08\/image-12.png 2048w\" sizes=\"auto, (max-width: 1024px) 100vw, 1024px\" \/><\/figure>","protected":false},"excerpt":{"rendered":"<p>Evento realizado na Casa de Cultura reuniu representantes da Administra\u00e7\u00e3o Municipal, C\u00e2mara de Vereadores, secretarias, profissionais, professores, estudantes e comunidade. [&hellip;]<\/p>\n","protected":false},"author":1,"featured_media":491,"comment_status":"open","ping_status":"open","sticky":false,"template":"","format":"standard","meta":{"_uag_custom_page_level_css":"","_monsterinsights_skip_tracking":false,"_uf_show_specific_survey":0,"_uf_disable_surveys":false,"site-sidebar-layout":"default","site-content-layout":"","ast-site-content-layout":"default","site-content-style":"default","site-sidebar-style":"default","ast-global-header-display":"","ast-banner-title-visibility":"","ast-main-header-display":"","ast-hfb-above-header-display":"","ast-hfb-below-header-display":"","ast-hfb-mobile-header-display":"","site-post-title":"","ast-breadcrumbs-content":"","ast-featured-img":"","footer-sml-layout":"","ast-disable-related-posts":"","theme-transparent-header-meta":"","adv-header-id-meta":"","stick-header-meta":"","header-above-stick-meta":"","header-main-stick-meta":"","header-below-stick-meta":"","astra-migrate-meta-layouts":"default","ast-page-background-enabled":"default","ast-page-background-meta":{"desktop":{"background-color":"var(--ast-global-color-5)","background-image":"","background-repeat":"repeat","background-position":"center center","background-size":"auto","background-attachment":"scroll","background-type":"","background-media":"","overlay-type":"","overlay-color":"","overlay-opacity":"","overlay-gradient":""},"tablet":{"background-color":"","background-image":"","background-repeat":"repeat","background-position":"center center","background-size":"auto","background-attachment":"scroll","background-type":"","background-media":"","overlay-type":"","overlay-color":"","overlay-opacity":"","overlay-gradient":""},"mobile":{"background-color":"","background-image":"","background-repeat":"repeat","background-position":"center center","background-size":"auto","background-attachment":"scroll","background-type":"","background-media":"","overlay-type":"","overlay-color":"","overlay-opacity":"","overlay-gradient":""}},"ast-content-background-meta":{"desktop":{"background-color":"var(--ast-global-color-4)","background-image":"","background-repeat":"repeat","background-position":"center center","background-size":"auto","background-attachment":"scroll","background-type":"","background-media":"","overlay-type":"","overlay-color":"","overlay-opacity":"","overlay-gradient":""},"tablet":{"background-color":"var(--ast-global-color-4)","background-image":"","background-repeat":"repeat","background-position":"center center","background-size":"auto","background-attachment":"scroll","background-type":"","background-media":"","overlay-type":"","overlay-color":"","overlay-opacity":"","overlay-gradient":""},"mobile":{"background-color":"var(--ast-global-color-4)","background-image":"","background-repeat":"repeat","background-position":"center center","background-size":"auto","background-attachment":"scroll","background-type":"","background-media":"","overlay-type":"","overlay-color":"","overlay-opacity":"","overlay-gradient":""}},"footnotes":""},"categories":[16,13,1],"tags":[],"class_list":["post-486","post","type-post","status-publish","format-standard","has-post-thumbnail","hentry","category-comunidade","category-cruz-alta","category-sem-categoria"],"aioseo_notices":[],"uagb_featured_image_src":{"full":["https:\/\/cidadeemalta.com.br\/wp-content\/uploads\/2026\/08\/image-13.png",2042,1223,false],"thumbnail":["https:\/\/cidadeemalta.com.br\/wp-content\/uploads\/2026\/08\/image-13-150x150.png",150,150,true],"medium":["https:\/\/cidadeemalta.com.br\/wp-content\/uploads\/2026\/08\/image-13-300x180.png",300,180,true],"medium_large":["https:\/\/cidadeemalta.com.br\/wp-content\/uploads\/2026\/08\/image-13-766x459.png",766,459,true],"large":["https:\/\/cidadeemalta.com.br\/wp-content\/uploads\/2026\/08\/image-13-1024x613.png",1024,613,true],"1536x1536":["https:\/\/cidadeemalta.com.br\/wp-content\/uploads\/2026\/08\/image-13-1536x920.png",1536,920,true],"2048x2048":["https:\/\/cidadeemalta.com.br\/wp-content\/uploads\/2026\/08\/image-13.png",2042,1223,false],"trp-custom-language-flag":["https:\/\/cidadeemalta.com.br\/wp-content\/uploads\/2026\/08\/image-13-18x11.png",18,11,true]},"uagb_author_info":{"display_name":"Adeildo Bueno | Cidade em Alta","author_link":"https:\/\/cidadeemalta.com.br\/en\/author\/cidadeemalta2026\/"},"uagb_comment_info":0,"uagb_excerpt":"Evento realizado na Casa de Cultura reuniu representantes da Administra\u00e7\u00e3o Municipal, C\u00e2mara de Vereadores, secretarias, profissionais, professores, estudantes e comunidade. [&hellip;]","_links":{"self":[{"href":"https:\/\/cidadeemalta.com.br\/en\/wp-json\/wp\/v2\/posts\/486","targetHints":{"allow":["GET"]}}],"collection":[{"href":"https:\/\/cidadeemalta.com.br\/en\/wp-json\/wp\/v2\/posts"}],"about":[{"href":"https:\/\/cidadeemalta.com.br\/en\/wp-json\/wp\/v2\/types\/post"}],"author":[{"embeddable":true,"href":"https:\/\/cidadeemalta.com.br\/en\/wp-json\/wp\/v2\/users\/1"}],"replies":[{"embeddable":true,"href":"https:\/\/cidadeemalta.com.br\/en\/wp-json\/wp\/v2\/comments?post=486"}],"version-history":[{"count":1,"href":"https:\/\/cidadeemalta.com.br\/en\/wp-json\/wp\/v2\/posts\/486\/revisions"}],"predecessor-version":[{"id":492,"href":"https:\/\/cidadeemalta.com.br\/en\/wp-json\/wp\/v2\/posts\/486\/revisions\/492"}],"wp:featuredmedia":[{"embeddable":true,"href":"https:\/\/cidadeemalta.com.br\/en\/wp-json\/wp\/v2\/media\/491"}],"wp:attachment":[{"href":"https:\/\/cidadeemalta.com.br\/en\/wp-json\/wp\/v2\/media?parent=486"}],"wp:term":[{"taxonomy":"category","embeddable":true,"href":"https:\/\/cidadeemalta.com.br\/en\/wp-json\/wp\/v2\/categories?post=486"},{"taxonomy":"post_tag","embeddable":true,"href":"https:\/\/cidadeemalta.com.br\/en\/wp-json\/wp\/v2\/tags?post=486"}],"curies":[{"name":"wp","href":"https:\/\/api.w.org\/{rel}","templated":true}]}}