{"id":479,"date":"2026-08-12T15:45:55","date_gmt":"2026-08-12T18:45:55","guid":{"rendered":"https:\/\/cidadeemalta.com.br\/?p=479"},"modified":"2026-08-12T15:46:46","modified_gmt":"2026-08-12T18:46:46","slug":"cruz-alta-celebra-205-anos-com-chegada-da-centelha-do-fogo-da-patria-e-grande-programacao-na-praca","status":"publish","type":"post","link":"https:\/\/cidadeemalta.com.br\/en\/cruz-alta-celebra-205-anos-com-chegada-da-centelha-do-fogo-da-patria-e-grande-programacao-na-praca\/","title":{"rendered":"Cruz Alta celebra 205 anos com chegada da Centelha do Fogo da P\u00e1tria e grande programa\u00e7\u00e3o na Pra\u00e7a"},"content":{"rendered":"<p class=\"wp-block-paragraph\">Evento no dia 16 de agosto reunir\u00e1 m\u00fasica, cultura, tradi\u00e7\u00e3o, projetos sociais e manifesta\u00e7\u00f5es c\u00edvicas para celebrar os 205 anos do munic\u00edpio.<\/p>\n\n\n\n<p class=\"wp-block-paragraph\">Por Cidade em Alta | Rep\u00f3rter Adeildo Bueno Ribeiro<\/p>\n\n\n\n<p class=\"wp-block-paragraph\">Cruz Alta se prepara para comemorar seus 205 anos de hist\u00f3ria com uma grande programa\u00e7\u00e3o aberta \u00e0 comunidade. As atividades ser\u00e3o realizadas no dia 16 de agosto, a partir das 15h, na Pra\u00e7a General Firmino de Paula, reunindo atra\u00e7\u00f5es musicais, culturais, tradicionalistas e projetos que representam diferentes segmentos do munic\u00edpio.<\/p>\n\n\n\n<p class=\"wp-block-paragraph\">Entre os momentos previstos para a celebra\u00e7\u00e3o est\u00e1 a chegada da Centelha do Fogo da P\u00e1tria, tradicional s\u00edmbolo das comemora\u00e7\u00f5es c\u00edvicas brasileiras. A cerim\u00f4nia integrar\u00e1 oficialmente as festividades de anivers\u00e1rio de Cruz Alta.<\/p>\n\n\n\n<p class=\"wp-block-paragraph\">Tradi\u00e7\u00e3o c\u00edvica durante as comemora\u00e7\u00f5es<\/p>\n\n\n\n<p class=\"wp-block-paragraph\">A tradi\u00e7\u00e3o do Fogo da P\u00e1tria teve in\u00edcio no Rio Grande do Sul, em 1938, a partir de uma iniciativa da Liga da Defesa Nacional, com o objetivo de fortalecer as celebra\u00e7\u00f5es c\u00edvicas relacionadas \u00e0 Semana da P\u00e1tria.<\/p>\n\n\n\n<p class=\"wp-block-paragraph\">Ao longo das d\u00e9cadas, a chama passou a percorrer diferentes munic\u00edpios, sendo recebida em solenidades que contam com a participa\u00e7\u00e3o de institui\u00e7\u00f5es, autoridades e representantes da sociedade.<\/p>\n\n\n\n<p class=\"wp-block-paragraph\">Em Cruz Alta, a chegada da Centelha ocorrer\u00e1 em uma data especialmente significativa, durante as comemora\u00e7\u00f5es dos 205 anos do munic\u00edpio.<\/p>\n\n\n\n<p class=\"wp-block-paragraph\">Grande festa reunir\u00e1 m\u00fasica, cultura e tradi\u00e7\u00e3o<\/p>\n\n\n\n<p class=\"wp-block-paragraph\">Al\u00e9m do ato c\u00edvico, o Show de Anivers\u00e1rio de Cruz Alta ter\u00e1 uma programa\u00e7\u00e3o diversificada, valorizando artistas, entidades, projetos sociais e manifesta\u00e7\u00f5es culturais que fazem parte da hist\u00f3ria e da identidade cruz-altense.<\/p>\n\n\n\n<p class=\"wp-block-paragraph\">Entre as atra\u00e7\u00f5es anunciadas est\u00e3o a Banda de M\u00fasica da Artilharia Division\u00e1ria da 3\u00aa Divis\u00e3o de Ex\u00e9rcito (AD\/3), Tia Flica, A Cor do Samba, Grupo Teatral M\u00e1schara, Grupo Turminha do \u00c9rico, Orquestra Sanf\u00f4nica, Projetos Sociais, Coxilha Vai \u00e0 Escola, CTG Quer\u00eancia da Serra, Mascotes da Sa\u00fade, Chaleira Preta, The One e Coral do CCI.<\/p>\n\n\n\n<p class=\"wp-block-paragraph\">A programa\u00e7\u00e3o tamb\u00e9m contar\u00e1 com a participa\u00e7\u00e3o da LESCA, reunindo as quatro escolas de samba de Cruz Alta.<\/p>\n\n\n\n<p class=\"wp-block-paragraph\">Cruz Alta: 205 anos de hist\u00f3ria<\/p>\n\n\n\n<p class=\"wp-block-paragraph\">A festa pretende reunir diferentes gera\u00e7\u00f5es em um mesmo espa\u00e7o, celebrando n\u00e3o apenas o anivers\u00e1rio da cidade, mas tamb\u00e9m as pessoas, institui\u00e7\u00f5es e manifesta\u00e7\u00f5es culturais que ajudam a construir a identidade do munic\u00edpio.<\/p>\n\n\n\n<p class=\"wp-block-paragraph\">A programa\u00e7\u00e3o acontece no domingo, 16 de agosto, a partir das 15h, na Pra\u00e7a General Firmino de Paula, com participa\u00e7\u00e3o aberta \u00e0 comunidade.<\/p>\n\n\n\n<p class=\"wp-block-paragraph\">Servi\u00e7o<\/p>\n\n\n\n<p class=\"wp-block-paragraph\">Evento: Show de Anivers\u00e1rio \u2013 205 anos de Cruz Alta<\/p>\n\n\n\n<p class=\"wp-block-paragraph\">Data: 16 de agosto de 2026<\/p>\n\n\n\n<p class=\"wp-block-paragraph\">Hor\u00e1rio: a partir das 15h<\/p>\n\n\n\n<p class=\"wp-block-paragraph\">Local: Pra\u00e7a General Firmino de Paula \u2013 Cruz Alta\/RS<\/p>\n\n\n\n<p class=\"wp-block-paragraph\">Cidade em Alta \u2013 Cruz Alta, Regi\u00e3o, Brasil e Mundo.<\/p>\n\n\n\n<figure class=\"wp-block-image size-large\"><img loading=\"lazy\" decoding=\"async\" width=\"1024\" height=\"576\" src=\"https:\/\/cidadeemalta.com.br\/wp-content\/uploads\/2026\/08\/image-8-1024x576.png\" alt=\"\" class=\"wp-image-481\" srcset=\"https:\/\/cidadeemalta.com.br\/wp-content\/uploads\/2026\/08\/image-8-1024x576.png 1024w, https:\/\/cidadeemalta.com.br\/wp-content\/uploads\/2026\/08\/image-8-300x169.png 300w, https:\/\/cidadeemalta.com.br\/wp-content\/uploads\/2026\/08\/image-8-768x432.png 768w, https:\/\/cidadeemalta.com.br\/wp-content\/uploads\/2026\/08\/image-8-1536x864.png 1536w, https:\/\/cidadeemalta.com.br\/wp-content\/uploads\/2026\/08\/image-8-18x10.png 18w, https:\/\/cidadeemalta.com.br\/wp-content\/uploads\/2026\/08\/image-8.png 1672w\" sizes=\"auto, (max-width: 1024px) 100vw, 1024px\" \/><\/figure>\n\n\n\n<figure class=\"wp-block-image size-full\"><img loading=\"lazy\" decoding=\"async\" width=\"760\" height=\"541\" src=\"https:\/\/cidadeemalta.com.br\/wp-content\/uploads\/2026\/08\/image-7.png\" alt=\"\" class=\"wp-image-480\" srcset=\"https:\/\/cidadeemalta.com.br\/wp-content\/uploads\/2026\/08\/image-7.png 760w, https:\/\/cidadeemalta.com.br\/wp-content\/uploads\/2026\/08\/image-7-300x214.png 300w, https:\/\/cidadeemalta.com.br\/wp-content\/uploads\/2026\/08\/image-7-18x12.png 18w\" sizes=\"auto, (max-width: 760px) 100vw, 760px\" \/><\/figure>","protected":false},"excerpt":{"rendered":"<p>Evento no dia 16 de agosto reunir\u00e1 m\u00fasica, cultura, tradi\u00e7\u00e3o, projetos sociais e manifesta\u00e7\u00f5es c\u00edvicas para celebrar os 205 anos [&hellip;]<\/p>\n","protected":false},"author":1,"featured_media":481,"comment_status":"open","ping_status":"open","sticky":false,"template":"","format":"standard","meta":{"_uag_custom_page_level_css":"","_monsterinsights_skip_tracking":false,"_uf_show_specific_survey":0,"_uf_disable_surveys":false,"site-sidebar-layout":"default","site-content-layout":"","ast-site-content-layout":"default","site-content-style":"default","site-sidebar-style":"default","ast-global-header-display":"","ast-banner-title-visibility":"","ast-main-header-display":"","ast-hfb-above-header-display":"","ast-hfb-below-header-display":"","ast-hfb-mobile-header-display":"","site-post-title":"","ast-breadcrumbs-content":"","ast-featured-img":"","footer-sml-layout":"","ast-disable-related-posts":"","theme-transparent-header-meta":"","adv-header-id-meta":"","stick-header-meta":"","header-above-stick-meta":"","header-main-stick-meta":"","header-below-stick-meta":"","astra-migrate-meta-layouts":"default","ast-page-background-enabled":"default","ast-page-background-meta":{"desktop":{"background-color":"var(--ast-global-color-5)","background-image":"","background-repeat":"repeat","background-position":"center center","background-size":"auto","background-attachment":"scroll","background-type":"","background-media":"","overlay-type":"","overlay-color":"","overlay-opacity":"","overlay-gradient":""},"tablet":{"background-color":"","background-image":"","background-repeat":"repeat","background-position":"center center","background-size":"auto","background-attachment":"scroll","background-type":"","background-media":"","overlay-type":"","overlay-color":"","overlay-opacity":"","overlay-gradient":""},"mobile":{"background-color":"","background-image":"","background-repeat":"repeat","background-position":"center center","background-size":"auto","background-attachment":"scroll","background-type":"","background-media":"","overlay-type":"","overlay-color":"","overlay-opacity":"","overlay-gradient":""}},"ast-content-background-meta":{"desktop":{"background-color":"var(--ast-global-color-4)","background-image":"","background-repeat":"repeat","background-position":"center center","background-size":"auto","background-attachment":"scroll","background-type":"","background-media":"","overlay-type":"","overlay-color":"","overlay-opacity":"","overlay-gradient":""},"tablet":{"background-color":"var(--ast-global-color-4)","background-image":"","background-repeat":"repeat","background-position":"center center","background-size":"auto","background-attachment":"scroll","background-type":"","background-media":"","overlay-type":"","overlay-color":"","overlay-opacity":"","overlay-gradient":""},"mobile":{"background-color":"var(--ast-global-color-4)","background-image":"","background-repeat":"repeat","background-position":"center center","background-size":"auto","background-attachment":"scroll","background-type":"","background-media":"","overlay-type":"","overlay-color":"","overlay-opacity":"","overlay-gradient":""}},"footnotes":""},"categories":[13,1],"tags":[],"class_list":["post-479","post","type-post","status-publish","format-standard","has-post-thumbnail","hentry","category-cruz-alta","category-sem-categoria"],"aioseo_notices":[],"uagb_featured_image_src":{"full":["https:\/\/cidadeemalta.com.br\/wp-content\/uploads\/2026\/08\/image-8.png",1672,941,false],"thumbnail":["https:\/\/cidadeemalta.com.br\/wp-content\/uploads\/2026\/08\/image-8-150x150.png",150,150,true],"medium":["https:\/\/cidadeemalta.com.br\/wp-content\/uploads\/2026\/08\/image-8-300x169.png",300,169,true],"medium_large":["https:\/\/cidadeemalta.com.br\/wp-content\/uploads\/2026\/08\/image-8-768x432.png",768,432,true],"large":["https:\/\/cidadeemalta.com.br\/wp-content\/uploads\/2026\/08\/image-8-1024x576.png",1024,576,true],"1536x1536":["https:\/\/cidadeemalta.com.br\/wp-content\/uploads\/2026\/08\/image-8-1536x864.png",1536,864,true],"2048x2048":["https:\/\/cidadeemalta.com.br\/wp-content\/uploads\/2026\/08\/image-8.png",1672,941,false],"trp-custom-language-flag":["https:\/\/cidadeemalta.com.br\/wp-content\/uploads\/2026\/08\/image-8-18x10.png",18,10,true]},"uagb_author_info":{"display_name":"Adeildo Bueno | Cidade em Alta","author_link":"https:\/\/cidadeemalta.com.br\/en\/author\/cidadeemalta2026\/"},"uagb_comment_info":0,"uagb_excerpt":"Evento no dia 16 de agosto reunir\u00e1 m\u00fasica, cultura, tradi\u00e7\u00e3o, projetos sociais e manifesta\u00e7\u00f5es c\u00edvicas para celebrar os 205 anos [&hellip;]","_links":{"self":[{"href":"https:\/\/cidadeemalta.com.br\/en\/wp-json\/wp\/v2\/posts\/479","targetHints":{"allow":["GET"]}}],"collection":[{"href":"https:\/\/cidadeemalta.com.br\/en\/wp-json\/wp\/v2\/posts"}],"about":[{"href":"https:\/\/cidadeemalta.com.br\/en\/wp-json\/wp\/v2\/types\/post"}],"author":[{"embeddable":true,"href":"https:\/\/cidadeemalta.com.br\/en\/wp-json\/wp\/v2\/users\/1"}],"replies":[{"embeddable":true,"href":"https:\/\/cidadeemalta.com.br\/en\/wp-json\/wp\/v2\/comments?post=479"}],"version-history":[{"count":1,"href":"https:\/\/cidadeemalta.com.br\/en\/wp-json\/wp\/v2\/posts\/479\/revisions"}],"predecessor-version":[{"id":482,"href":"https:\/\/cidadeemalta.com.br\/en\/wp-json\/wp\/v2\/posts\/479\/revisions\/482"}],"wp:featuredmedia":[{"embeddable":true,"href":"https:\/\/cidadeemalta.com.br\/en\/wp-json\/wp\/v2\/media\/481"}],"wp:attachment":[{"href":"https:\/\/cidadeemalta.com.br\/en\/wp-json\/wp\/v2\/media?parent=479"}],"wp:term":[{"taxonomy":"category","embeddable":true,"href":"https:\/\/cidadeemalta.com.br\/en\/wp-json\/wp\/v2\/categories?post=479"},{"taxonomy":"post_tag","embeddable":true,"href":"https:\/\/cidadeemalta.com.br\/en\/wp-json\/wp\/v2\/tags?post=479"}],"curies":[{"name":"wp","href":"https:\/\/api.w.org\/{rel}","templated":true}]}}