{"id":474,"date":"2026-08-12T15:38:25","date_gmt":"2026-08-12T18:38:25","guid":{"rendered":"https:\/\/cidadeemalta.com.br\/?p=474"},"modified":"2026-08-12T15:38:27","modified_gmt":"2026-08-12T18:38:27","slug":"extremo-sul-do-rs-enfrenta-cinco-dias-sem-energia-apos-ciclone","status":"publish","type":"post","link":"https:\/\/cidadeemalta.com.br\/en\/extremo-sul-do-rs-enfrenta-cinco-dias-sem-energia-apos-ciclone\/","title":{"rendered":"Extremo sul do RS enfrenta cinco dias sem energia ap\u00f3s ciclone"},"content":{"rendered":"\n<p class=\"wp-block-paragraph\">Mais de 20 mil consumidores s\u00e3o afetados em Santa Vit\u00f3ria do Palmar e Chu\u00ed; opera\u00e7\u00e3o utiliza helic\u00f3ptero para auxiliar na reconstru\u00e7\u00e3o de torres de transmiss\u00e3o<\/p>\n\n\n\n<p class=\"wp-block-paragraph\">Por Cidade em Alta | Rep\u00f3rter Adeildo Bueno Ribeiro<\/p>\n\n\n\n<p class=\"wp-block-paragraph\">As consequ\u00eancias do ciclone que atingiu o Rio Grande do Sul continuam causando s\u00e9rios transtornos no extremo sul do Estado. **Santa Vit\u00f3ria do Palmar e Chu\u00ed chegaram ao quinto dia consecutivo com milhares de consumidores sem energia el\u00e9trica**, ap\u00f3s os fortes ventos provocarem grandes danos \u00e0 estrutura de transmiss\u00e3o.<\/p>\n\n\n\n<p class=\"wp-block-paragraph\">Mais de **20 mil consumidores das duas cidades** foram afetados pela interrup\u00e7\u00e3o do fornecimento.<\/p>\n\n\n\n<p class=\"wp-block-paragraph\">A dimens\u00e3o dos estragos pode ser observada na rede de transmiss\u00e3o. Vinte e quatro torres da Axia Energia, antiga Eletrobras, foram derrubadas**, al\u00e9m de outras duas estruturas da CEEE Equatorial localizadas na regi\u00e3o da Lagoa Mirim.<\/p>\n\n\n\n<p class=\"wp-block-paragraph\">Falta de energia afeta com\u00e9rcio e rotina da popula\u00e7\u00e3o<\/p>\n\n\n\n<p class=\"wp-block-paragraph\">Com v\u00e1rios dias sem eletricidade, os impactos j\u00e1 atingem diretamente moradores, comerciantes e prestadores de servi\u00e7os.<\/p>\n\n\n\n<p class=\"wp-block-paragraph\">Fam\u00edlias enfrentam perdas de alimentos e dificuldades para carregar celulares e acessar a internet. Em Santa Vit\u00f3ria do Palmar, postos de combust\u00edveis e alguns estabelecimentos passaram a oferecer pontos para recarga de aparelhos e acesso \u00e0 internet.<\/p>\n\n\n\n<p class=\"wp-block-paragraph\">O com\u00e9rcio tamb\u00e9m sente os efeitos da situa\u00e7\u00e3o. Sem energia, estabelecimentos enfrentam dificuldades para utilizar m\u00e1quinas de cart\u00e3o, conservar produtos refrigerados e manter suas atividades durante todo o dia.<\/p>\n\n\n\n<p class=\"wp-block-paragraph\">No Chu\u00ed, comerciantes precisaram buscar alternativas para evitar a perda de mercadorias. Produtos que dependem de refrigera\u00e7\u00e3o chegaram a ser levados para o lado uruguaio da fronteira.<\/p>\n\n\n\n<p class=\"wp-block-paragraph\">Unidades de sa\u00fade seguem operando com o aux\u00edlio de geradores, garantindo a continuidade dos servi\u00e7os essenciais.<\/p>\n\n\n\n<p class=\"wp-block-paragraph\">Helic\u00f3ptero auxilia opera\u00e7\u00e3o de recupera\u00e7\u00e3o<\/p>\n\n\n\n<p class=\"wp-block-paragraph\">A reconstru\u00e7\u00e3o da infraestrutura el\u00e9trica mobiliza uma grande opera\u00e7\u00e3o.<\/p>\n\n\n\n<p class=\"wp-block-paragraph\">Segundo a CEEE Equatorial, aproximadamente 90 profissionais trabalham na recupera\u00e7\u00e3o das estruturas danificadas.<\/p>\n\n\n\n<p class=\"wp-block-paragraph\">Parte do servi\u00e7o ocorre em uma regi\u00e3o de dif\u00edcil acesso, incluindo estruturas localizadas dentro da Lagoa Mirim. Al\u00e9m disso, vento, frio e condi\u00e7\u00f5es adversas tornam o trabalho ainda mais complexo.<\/p>\n\n\n\n<p class=\"wp-block-paragraph\">Um helic\u00f3ptero est\u00e1 sendo utilizado para transportar estruturas met\u00e1licas, auxiliando as equipes na recupera\u00e7\u00e3o das torres de transmiss\u00e3o.<\/p>\n\n\n\n<p class=\"wp-block-paragraph\">Na manh\u00e3 de ter\u00e7a-feira (11), quase 30 mil consumidores ainda estavam sem energia el\u00e9trica no Rio Grande do Sul. Mais de 25 mil pontos afetados estavam dentro da \u00e1rea de concess\u00e3o da CEEE Equatorial, principalmente no extremo sul.<\/p>\n\n\n\n<p class=\"wp-block-paragraph\">A concession\u00e1ria informou que as equipes seguem mobilizadas para avan\u00e7ar na normaliza\u00e7\u00e3o do fornecimento.<\/p>\n\n\n\n<p class=\"wp-block-paragraph\">A situa\u00e7\u00e3o vivida por Santa Vit\u00f3ria do Palmar e Chu\u00ed evidencia a for\u00e7a do fen\u00f4meno clim\u00e1tico e os enormes desafios enfrentados pelas equipes para reconstruir a infraestrutura atingida e restabelecer um servi\u00e7o essencial para milhares de fam\u00edlias.<\/p>\n\n\n\n<p class=\"wp-block-paragraph\">Fonte das informa\u00e7\u00f5es: GZH \/ RBS TV<\/p>\n\n\n\n<p class=\"wp-block-paragraph\">Fotos: Internet<\/p>\n\n\n\n<p class=\"wp-block-paragraph\">Reda\u00e7\u00e3o: Cidade em Alta | Rep\u00f3rter <a href=\"https:\/\/www.facebook.com\/capelaopradeildobueno?__cft__[0]=AZZbweQGm2pomZV996IqXi9HQ5dBGFxLfOiPvFLyiOOJZNf830-Sed27tbfxS3BeKJZYweLUYOvnH3B9EKJ3Fj7xsS0evPFHJmy7C7QD0dl7YVKqmkQovemWj8hxCUnIkx_Y3sU0cFl-cTQ7FoV3iPQQTZ0DJ9pxnfRvsbOGR02r4MfeLoGsAxFWkWnmMEVQhOk&amp;__tn__=-]K-R\">Adeildo Bueno Ribeiro<\/a><\/p>\n\n\n\n<figure class=\"wp-block-image size-full\"><img loading=\"lazy\" decoding=\"async\" width=\"700\" height=\"466\" src=\"https:\/\/cidadeemalta.com.br\/wp-content\/uploads\/2026\/08\/image-5.png\" alt=\"\" class=\"wp-image-476\" srcset=\"https:\/\/cidadeemalta.com.br\/wp-content\/uploads\/2026\/08\/image-5.png 700w, https:\/\/cidadeemalta.com.br\/wp-content\/uploads\/2026\/08\/image-5-300x200.png 300w, https:\/\/cidadeemalta.com.br\/wp-content\/uploads\/2026\/08\/image-5-18x12.png 18w\" sizes=\"auto, (max-width: 700px) 100vw, 700px\" \/><\/figure>\n\n\n\n<figure class=\"wp-block-image size-full\"><img loading=\"lazy\" decoding=\"async\" width=\"700\" height=\"466\" src=\"https:\/\/cidadeemalta.com.br\/wp-content\/uploads\/2026\/08\/image-6.png\" alt=\"\" class=\"wp-image-477\" srcset=\"https:\/\/cidadeemalta.com.br\/wp-content\/uploads\/2026\/08\/image-6.png 700w, https:\/\/cidadeemalta.com.br\/wp-content\/uploads\/2026\/08\/image-6-300x200.png 300w, https:\/\/cidadeemalta.com.br\/wp-content\/uploads\/2026\/08\/image-6-18x12.png 18w\" sizes=\"auto, (max-width: 700px) 100vw, 700px\" \/><\/figure>\n","protected":false},"excerpt":{"rendered":"<p>Mais de 20 mil consumidores s\u00e3o afetados em Santa Vit\u00f3ria do Palmar e Chu\u00ed; opera\u00e7\u00e3o utiliza helic\u00f3ptero para auxiliar na [&hellip;]<\/p>\n","protected":false},"author":1,"featured_media":475,"comment_status":"open","ping_status":"open","sticky":false,"template":"","format":"standard","meta":{"_uag_custom_page_level_css":"","_monsterinsights_skip_tracking":false,"_uf_show_specific_survey":0,"_uf_disable_surveys":false,"site-sidebar-layout":"default","site-content-layout":"","ast-site-content-layout":"default","site-content-style":"default","site-sidebar-style":"default","ast-global-header-display":"","ast-banner-title-visibility":"","ast-main-header-display":"","ast-hfb-above-header-display":"","ast-hfb-below-header-display":"","ast-hfb-mobile-header-display":"","site-post-title":"","ast-breadcrumbs-content":"","ast-featured-img":"","footer-sml-layout":"","ast-disable-related-posts":"","theme-transparent-header-meta":"","adv-header-id-meta":"","stick-header-meta":"","header-above-stick-meta":"","header-main-stick-meta":"","header-below-stick-meta":"","astra-migrate-meta-layouts":"default","ast-page-background-enabled":"default","ast-page-background-meta":{"desktop":{"background-color":"var(--ast-global-color-5)","background-image":"","background-repeat":"repeat","background-position":"center center","background-size":"auto","background-attachment":"scroll","background-type":"","background-media":"","overlay-type":"","overlay-color":"","overlay-opacity":"","overlay-gradient":""},"tablet":{"background-color":"","background-image":"","background-repeat":"repeat","background-position":"center center","background-size":"auto","background-attachment":"scroll","background-type":"","background-media":"","overlay-type":"","overlay-color":"","overlay-opacity":"","overlay-gradient":""},"mobile":{"background-color":"","background-image":"","background-repeat":"repeat","background-position":"center center","background-size":"auto","background-attachment":"scroll","background-type":"","background-media":"","overlay-type":"","overlay-color":"","overlay-opacity":"","overlay-gradient":""}},"ast-content-background-meta":{"desktop":{"background-color":"var(--ast-global-color-4)","background-image":"","background-repeat":"repeat","background-position":"center center","background-size":"auto","background-attachment":"scroll","background-type":"","background-media":"","overlay-type":"","overlay-color":"","overlay-opacity":"","overlay-gradient":""},"tablet":{"background-color":"var(--ast-global-color-4)","background-image":"","background-repeat":"repeat","background-position":"center center","background-size":"auto","background-attachment":"scroll","background-type":"","background-media":"","overlay-type":"","overlay-color":"","overlay-opacity":"","overlay-gradient":""},"mobile":{"background-color":"var(--ast-global-color-4)","background-image":"","background-repeat":"repeat","background-position":"center center","background-size":"auto","background-attachment":"scroll","background-type":"","background-media":"","overlay-type":"","overlay-color":"","overlay-opacity":"","overlay-gradient":""}},"footnotes":""},"categories":[14],"tags":[],"class_list":["post-474","post","type-post","status-publish","format-standard","has-post-thumbnail","hentry","category-regiao"],"aioseo_notices":[],"uagb_featured_image_src":{"full":["https:\/\/cidadeemalta.com.br\/wp-content\/uploads\/2026\/08\/ChatGPT-Image-12-de-ago.-de-2026-12_15_26.png",1402,1122,false],"thumbnail":["https:\/\/cidadeemalta.com.br\/wp-content\/uploads\/2026\/08\/ChatGPT-Image-12-de-ago.-de-2026-12_15_26-150x150.png",150,150,true],"medium":["https:\/\/cidadeemalta.com.br\/wp-content\/uploads\/2026\/08\/ChatGPT-Image-12-de-ago.-de-2026-12_15_26-300x240.png",300,240,true],"medium_large":["https:\/\/cidadeemalta.com.br\/wp-content\/uploads\/2026\/08\/ChatGPT-Image-12-de-ago.-de-2026-12_15_26-768x615.png",768,615,true],"large":["https:\/\/cidadeemalta.com.br\/wp-content\/uploads\/2026\/08\/ChatGPT-Image-12-de-ago.-de-2026-12_15_26-1024x819.png",1024,819,true],"1536x1536":["https:\/\/cidadeemalta.com.br\/wp-content\/uploads\/2026\/08\/ChatGPT-Image-12-de-ago.-de-2026-12_15_26.png",1402,1122,false],"2048x2048":["https:\/\/cidadeemalta.com.br\/wp-content\/uploads\/2026\/08\/ChatGPT-Image-12-de-ago.-de-2026-12_15_26.png",1402,1122,false],"trp-custom-language-flag":["https:\/\/cidadeemalta.com.br\/wp-content\/uploads\/2026\/08\/ChatGPT-Image-12-de-ago.-de-2026-12_15_26-15x12.png",15,12,true]},"uagb_author_info":{"display_name":"Adeildo Bueno | Cidade em Alta","author_link":"https:\/\/cidadeemalta.com.br\/en\/author\/cidadeemalta2026\/"},"uagb_comment_info":0,"uagb_excerpt":"Mais de 20 mil consumidores s\u00e3o afetados em Santa Vit\u00f3ria do Palmar e Chu\u00ed; opera\u00e7\u00e3o utiliza helic\u00f3ptero para auxiliar na [&hellip;]","_links":{"self":[{"href":"https:\/\/cidadeemalta.com.br\/en\/wp-json\/wp\/v2\/posts\/474","targetHints":{"allow":["GET"]}}],"collection":[{"href":"https:\/\/cidadeemalta.com.br\/en\/wp-json\/wp\/v2\/posts"}],"about":[{"href":"https:\/\/cidadeemalta.com.br\/en\/wp-json\/wp\/v2\/types\/post"}],"author":[{"embeddable":true,"href":"https:\/\/cidadeemalta.com.br\/en\/wp-json\/wp\/v2\/users\/1"}],"replies":[{"embeddable":true,"href":"https:\/\/cidadeemalta.com.br\/en\/wp-json\/wp\/v2\/comments?post=474"}],"version-history":[{"count":1,"href":"https:\/\/cidadeemalta.com.br\/en\/wp-json\/wp\/v2\/posts\/474\/revisions"}],"predecessor-version":[{"id":478,"href":"https:\/\/cidadeemalta.com.br\/en\/wp-json\/wp\/v2\/posts\/474\/revisions\/478"}],"wp:featuredmedia":[{"embeddable":true,"href":"https:\/\/cidadeemalta.com.br\/en\/wp-json\/wp\/v2\/media\/475"}],"wp:attachment":[{"href":"https:\/\/cidadeemalta.com.br\/en\/wp-json\/wp\/v2\/media?parent=474"}],"wp:term":[{"taxonomy":"category","embeddable":true,"href":"https:\/\/cidadeemalta.com.br\/en\/wp-json\/wp\/v2\/categories?post=474"},{"taxonomy":"post_tag","embeddable":true,"href":"https:\/\/cidadeemalta.com.br\/en\/wp-json\/wp\/v2\/tags?post=474"}],"curies":[{"name":"wp","href":"https:\/\/api.w.org\/{rel}","templated":true}]}}