{"id":451,"date":"2026-08-11T15:39:06","date_gmt":"2026-08-11T18:39:06","guid":{"rendered":"https:\/\/cidadeemalta.com.br\/?p=451"},"modified":"2026-08-11T15:45:54","modified_gmt":"2026-08-11T18:45:54","slug":"11o-mamaco-cruz-altense-mobiliza-familias-e-reforca-importancia-do-apoio-a-amamentacao","status":"publish","type":"post","link":"https:\/\/cidadeemalta.com.br\/en\/11o-mamaco-cruz-altense-mobiliza-familias-e-reforca-importancia-do-apoio-a-amamentacao\/","title":{"rendered":"11\u00ba Mama\u00e7o Cruz-altense mobiliza fam\u00edlias e refor\u00e7a import\u00e2ncia do apoio \u00e0 amamenta\u00e7\u00e3o"},"content":{"rendered":"<p class=\"wp-block-paragraph\">Cruz Alta promoveu na sexta-feira, 7 de agosto, a 11\u00aa edi\u00e7\u00e3o do Mama\u00e7o Cruz-altense, iniciativa voltada \u00e0 conscientiza\u00e7\u00e3o sobre a import\u00e2ncia da amamenta\u00e7\u00e3o e \u00e0 constru\u00e7\u00e3o de uma rede de apoio \u00e0s m\u00e3es, beb\u00eas e fam\u00edlias.<\/p>\n\n\n\n<p class=\"wp-block-paragraph\">A programa\u00e7\u00e3o fez parte das mobiliza\u00e7\u00f5es da Semana Mundial da Amamenta\u00e7\u00e3o e do Agosto Dourado. Uma das atividades foi a Caminhada da Amamenta\u00e7\u00e3o, com concentra\u00e7\u00e3o no Cal\u00e7ad\u00e3o e deslocamento at\u00e9 a Pra\u00e7a General Firmino de Paula, em frente \u00e0 Prefeitura Municipal, onde ocorreu o Mama\u00e7o.<\/p>\n\n\n\n<p class=\"wp-block-paragraph\">O encontro reuniu m\u00e3es, pais, familiares, profissionais da sa\u00fade, estudantes, representantes de institui\u00e7\u00f5es e integrantes da comunidade. A proposta foi mostrar que o sucesso da amamenta\u00e7\u00e3o tamb\u00e9m depende de informa\u00e7\u00e3o, acolhimento e suporte das pessoas que est\u00e3o ao redor da m\u00e3e.<\/p>\n\n\n\n<p class=\"wp-block-paragraph\">Durante a caminhada, os participantes registraram palavras e pequenas mensagens em gotas de leite simb\u00f3licas, formando um mural coletivo sobre o significado e a import\u00e2ncia da amamenta\u00e7\u00e3o. Conforme divulgado pela Prefeitura, o material ficar\u00e1 inicialmente no pr\u00e9dio do Executivo Municipal, depois seguir\u00e1 para a C\u00e2mara de Vereadores e, ao t\u00e9rmino do Agosto Dourado, ser\u00e1 destinado ao SER Mulher.<\/p>\n\n\n\n<p class=\"wp-block-paragraph\">A mobiliza\u00e7\u00e3o tamb\u00e9m chamou aten\u00e7\u00e3o para uma quest\u00e3o fundamental: a responsabilidade pelo apoio \u00e0 amamenta\u00e7\u00e3o n\u00e3o deve recair somente sobre a mulher. Fam\u00edlia, profissionais da sa\u00fade, comunidade e poder p\u00fablico t\u00eam papel importante para proporcionar condi\u00e7\u00f5es mais seguras e acolhedoras \u00e0s m\u00e3es.<\/p>\n\n\n\n<p class=\"wp-block-paragraph\">A atividade foi coordenada pela nutricionista e consultora em amamenta\u00e7\u00e3o Isabel Villa Real. Ao encerramento da programa\u00e7\u00e3o, as m\u00e3es participantes receberam brindes.<\/p>\n\n\n\n<p class=\"wp-block-paragraph\">Fonte e informa\u00e7\u00f5es: Prefeitura Municipal de Cruz Alta\/RS<\/p>\n\n\n\n<p class=\"wp-block-paragraph\">Fotos: Prefeitura Municipal de Cruz Alta\/RS<\/p>\n\n\n\n<p class=\"wp-block-paragraph\">Texto: Cidade em Alta &#8211; Por Rep\u00f3rter Adeildo Bueno Ribeiro<\/p>\n\n\n\n<figure class=\"wp-block-image size-full\"><img loading=\"lazy\" decoding=\"async\" width=\"800\" height=\"450\" src=\"https:\/\/cidadeemalta.com.br\/wp-content\/uploads\/2026\/08\/1-1.png\" alt=\"\" class=\"wp-image-453\" srcset=\"https:\/\/cidadeemalta.com.br\/wp-content\/uploads\/2026\/08\/1-1.png 800w, https:\/\/cidadeemalta.com.br\/wp-content\/uploads\/2026\/08\/1-1-300x169.png 300w, https:\/\/cidadeemalta.com.br\/wp-content\/uploads\/2026\/08\/1-1-768x432.png 768w, https:\/\/cidadeemalta.com.br\/wp-content\/uploads\/2026\/08\/1-1-18x10.png 18w\" sizes=\"auto, (max-width: 800px) 100vw, 800px\" \/><\/figure>\n\n\n\n<figure class=\"wp-block-image size-full\"><img loading=\"lazy\" decoding=\"async\" width=\"800\" height=\"450\" src=\"https:\/\/cidadeemalta.com.br\/wp-content\/uploads\/2026\/08\/3-1.png\" alt=\"\" class=\"wp-image-454\" srcset=\"https:\/\/cidadeemalta.com.br\/wp-content\/uploads\/2026\/08\/3-1.png 800w, https:\/\/cidadeemalta.com.br\/wp-content\/uploads\/2026\/08\/3-1-300x169.png 300w, https:\/\/cidadeemalta.com.br\/wp-content\/uploads\/2026\/08\/3-1-768x432.png 768w, https:\/\/cidadeemalta.com.br\/wp-content\/uploads\/2026\/08\/3-1-18x10.png 18w\" sizes=\"auto, (max-width: 800px) 100vw, 800px\" \/><\/figure>\n\n\n\n<figure class=\"wp-block-image size-full\"><img loading=\"lazy\" decoding=\"async\" width=\"800\" height=\"450\" src=\"https:\/\/cidadeemalta.com.br\/wp-content\/uploads\/2026\/08\/4.png\" alt=\"\" class=\"wp-image-455\" srcset=\"https:\/\/cidadeemalta.com.br\/wp-content\/uploads\/2026\/08\/4.png 800w, https:\/\/cidadeemalta.com.br\/wp-content\/uploads\/2026\/08\/4-300x169.png 300w, https:\/\/cidadeemalta.com.br\/wp-content\/uploads\/2026\/08\/4-768x432.png 768w, https:\/\/cidadeemalta.com.br\/wp-content\/uploads\/2026\/08\/4-18x10.png 18w\" sizes=\"auto, (max-width: 800px) 100vw, 800px\" \/><\/figure>","protected":false},"excerpt":{"rendered":"<p>Cruz Alta promoveu na sexta-feira, 7 de agosto, a 11\u00aa edi\u00e7\u00e3o do Mama\u00e7o Cruz-altense, iniciativa voltada \u00e0 conscientiza\u00e7\u00e3o sobre a [&hellip;]<\/p>\n","protected":false},"author":1,"featured_media":457,"comment_status":"open","ping_status":"open","sticky":false,"template":"","format":"standard","meta":{"_uag_custom_page_level_css":"","_monsterinsights_skip_tracking":false,"_uf_show_specific_survey":0,"_uf_disable_surveys":false,"site-sidebar-layout":"default","site-content-layout":"","ast-site-content-layout":"default","site-content-style":"default","site-sidebar-style":"default","ast-global-header-display":"","ast-banner-title-visibility":"","ast-main-header-display":"","ast-hfb-above-header-display":"","ast-hfb-below-header-display":"","ast-hfb-mobile-header-display":"","site-post-title":"","ast-breadcrumbs-content":"","ast-featured-img":"","footer-sml-layout":"","ast-disable-related-posts":"","theme-transparent-header-meta":"","adv-header-id-meta":"","stick-header-meta":"","header-above-stick-meta":"","header-main-stick-meta":"","header-below-stick-meta":"","astra-migrate-meta-layouts":"default","ast-page-background-enabled":"default","ast-page-background-meta":{"desktop":{"background-color":"var(--ast-global-color-5)","background-image":"","background-repeat":"repeat","background-position":"center center","background-size":"auto","background-attachment":"scroll","background-type":"","background-media":"","overlay-type":"","overlay-color":"","overlay-opacity":"","overlay-gradient":""},"tablet":{"background-color":"","background-image":"","background-repeat":"repeat","background-position":"center center","background-size":"auto","background-attachment":"scroll","background-type":"","background-media":"","overlay-type":"","overlay-color":"","overlay-opacity":"","overlay-gradient":""},"mobile":{"background-color":"","background-image":"","background-repeat":"repeat","background-position":"center center","background-size":"auto","background-attachment":"scroll","background-type":"","background-media":"","overlay-type":"","overlay-color":"","overlay-opacity":"","overlay-gradient":""}},"ast-content-background-meta":{"desktop":{"background-color":"var(--ast-global-color-4)","background-image":"","background-repeat":"repeat","background-position":"center center","background-size":"auto","background-attachment":"scroll","background-type":"","background-media":"","overlay-type":"","overlay-color":"","overlay-opacity":"","overlay-gradient":""},"tablet":{"background-color":"var(--ast-global-color-4)","background-image":"","background-repeat":"repeat","background-position":"center center","background-size":"auto","background-attachment":"scroll","background-type":"","background-media":"","overlay-type":"","overlay-color":"","overlay-opacity":"","overlay-gradient":""},"mobile":{"background-color":"var(--ast-global-color-4)","background-image":"","background-repeat":"repeat","background-position":"center center","background-size":"auto","background-attachment":"scroll","background-type":"","background-media":"","overlay-type":"","overlay-color":"","overlay-opacity":"","overlay-gradient":""}},"footnotes":""},"categories":[16,13],"tags":[],"class_list":["post-451","post","type-post","status-publish","format-standard","has-post-thumbnail","hentry","category-comunidade","category-cruz-alta"],"aioseo_notices":[],"uagb_featured_image_src":{"full":["https:\/\/cidadeemalta.com.br\/wp-content\/uploads\/2026\/08\/SITE-RADIO-CIDADE-POSTAGEM-NOTICIAS.png",800,450,false],"thumbnail":["https:\/\/cidadeemalta.com.br\/wp-content\/uploads\/2026\/08\/SITE-RADIO-CIDADE-POSTAGEM-NOTICIAS-150x150.png",150,150,true],"medium":["https:\/\/cidadeemalta.com.br\/wp-content\/uploads\/2026\/08\/SITE-RADIO-CIDADE-POSTAGEM-NOTICIAS-300x169.png",300,169,true],"medium_large":["https:\/\/cidadeemalta.com.br\/wp-content\/uploads\/2026\/08\/SITE-RADIO-CIDADE-POSTAGEM-NOTICIAS-768x432.png",768,432,true],"large":["https:\/\/cidadeemalta.com.br\/wp-content\/uploads\/2026\/08\/SITE-RADIO-CIDADE-POSTAGEM-NOTICIAS.png",800,450,false],"1536x1536":["https:\/\/cidadeemalta.com.br\/wp-content\/uploads\/2026\/08\/SITE-RADIO-CIDADE-POSTAGEM-NOTICIAS.png",800,450,false],"2048x2048":["https:\/\/cidadeemalta.com.br\/wp-content\/uploads\/2026\/08\/SITE-RADIO-CIDADE-POSTAGEM-NOTICIAS.png",800,450,false],"trp-custom-language-flag":["https:\/\/cidadeemalta.com.br\/wp-content\/uploads\/2026\/08\/SITE-RADIO-CIDADE-POSTAGEM-NOTICIAS-18x10.png",18,10,true]},"uagb_author_info":{"display_name":"Adeildo Bueno | Cidade em Alta","author_link":"https:\/\/cidadeemalta.com.br\/en\/author\/cidadeemalta2026\/"},"uagb_comment_info":0,"uagb_excerpt":"Cruz Alta promoveu na sexta-feira, 7 de agosto, a 11\u00aa edi\u00e7\u00e3o do Mama\u00e7o Cruz-altense, iniciativa voltada \u00e0 conscientiza\u00e7\u00e3o sobre a [&hellip;]","_links":{"self":[{"href":"https:\/\/cidadeemalta.com.br\/en\/wp-json\/wp\/v2\/posts\/451","targetHints":{"allow":["GET"]}}],"collection":[{"href":"https:\/\/cidadeemalta.com.br\/en\/wp-json\/wp\/v2\/posts"}],"about":[{"href":"https:\/\/cidadeemalta.com.br\/en\/wp-json\/wp\/v2\/types\/post"}],"author":[{"embeddable":true,"href":"https:\/\/cidadeemalta.com.br\/en\/wp-json\/wp\/v2\/users\/1"}],"replies":[{"embeddable":true,"href":"https:\/\/cidadeemalta.com.br\/en\/wp-json\/wp\/v2\/comments?post=451"}],"version-history":[{"count":1,"href":"https:\/\/cidadeemalta.com.br\/en\/wp-json\/wp\/v2\/posts\/451\/revisions"}],"predecessor-version":[{"id":456,"href":"https:\/\/cidadeemalta.com.br\/en\/wp-json\/wp\/v2\/posts\/451\/revisions\/456"}],"wp:featuredmedia":[{"embeddable":true,"href":"https:\/\/cidadeemalta.com.br\/en\/wp-json\/wp\/v2\/media\/457"}],"wp:attachment":[{"href":"https:\/\/cidadeemalta.com.br\/en\/wp-json\/wp\/v2\/media?parent=451"}],"wp:term":[{"taxonomy":"category","embeddable":true,"href":"https:\/\/cidadeemalta.com.br\/en\/wp-json\/wp\/v2\/categories?post=451"},{"taxonomy":"post_tag","embeddable":true,"href":"https:\/\/cidadeemalta.com.br\/en\/wp-json\/wp\/v2\/tags?post=451"}],"curies":[{"name":"wp","href":"https:\/\/api.w.org\/{rel}","templated":true}]}}