{"id":446,"date":"2026-08-11T14:06:09","date_gmt":"2026-08-11T17:06:09","guid":{"rendered":"https:\/\/cidadeemalta.com.br\/?p=446"},"modified":"2026-08-11T14:06:11","modified_gmt":"2026-08-11T17:06:11","slug":"prf-apreende-mais-de-duas-toneladas-de-maconha-escondidas-em-carga-de-melancias-na-br-386","status":"publish","type":"post","link":"https:\/\/cidadeemalta.com.br\/en\/prf-apreende-mais-de-duas-toneladas-de-maconha-escondidas-em-carga-de-melancias-na-br-386\/","title":{"rendered":"PRF apreende mais de duas toneladas de maconha escondidas em carga de melancias na BR-386"},"content":{"rendered":"<p class=\"wp-block-paragraph\">Droga foi localizada durante abordagem a um caminh\u00e3o em Lajeado, no Vale do Taquari; motorista foi preso por tr\u00e1fico de drogas<\/p>\n\n\n\n<p class=\"wp-block-paragraph\">A Pol\u00edcia Rodovi\u00e1ria Federal (PRF) apreendeu mais de duas toneladas de maconha que estavam sendo transportadas em um caminh\u00e3o na BR-386, em Lajeado, no Vale do Taquari. A ocorr\u00eancia foi registrada na tarde de segunda-feira (10).<\/p>\n\n\n\n<p class=\"wp-block-paragraph\">Segundo informa\u00e7\u00f5es divulgadas pela PRF, a apreens\u00e3o aconteceu durante uma abordagem realizada nas proximidades da unidade operacional da corpora\u00e7\u00e3o, no km 342 da rodovia.<\/p>\n\n\n\n<p class=\"wp-block-paragraph\">Durante a fiscaliza\u00e7\u00e3o de um caminh\u00e3o Ford Cargo, com placas de Cascavel, no Paran\u00e1, os policiais localizaram uma grande quantidade de maconha escondida em meio \u00e0 carga transportada pelo ve\u00edculo.<\/p>\n\n\n\n<p class=\"wp-block-paragraph\">Al\u00e9m dos entorpecentes, o caminh\u00e3o carregava aproximadamente 14 toneladas de melancias e feno.<\/p>\n\n\n\n<p class=\"wp-block-paragraph\">Caminh\u00e3o teria como destino Porto Alegre<\/p>\n\n\n\n<p class=\"wp-block-paragraph\">Conforme as informa\u00e7\u00f5es repassadas pela pol\u00edcia, o ve\u00edculo teria iniciado a viagem em Goi\u00e1s e seguia com destino a Porto Alegre.<\/p>\n\n\n\n<p class=\"wp-block-paragraph\">O motorista, um homem de 44 anos, natural de Pernambuco, foi preso por tr\u00e1fico de drogas.<\/p>\n\n\n\n<p class=\"wp-block-paragraph\">O caminh\u00e3o e a carga foram retidos pela Pol\u00edcia Rodovi\u00e1ria Federal para os procedimentos relacionados \u00e0 ocorr\u00eancia.<\/p>\n\n\n\n<p class=\"wp-block-paragraph\">A apreens\u00e3o representa mais uma a\u00e7\u00e3o de combate ao tr\u00e1fico de drogas realizada nas rodovias federais que cortam o Rio Grande do Sul.<\/p>\n\n\n\n<p class=\"wp-block-paragraph\">Fonte: Pol\u00edcia Rodovi\u00e1ria Federal (PRF) \/ Correio do Povo<\/p>\n\n\n\n<p class=\"wp-block-paragraph\">Foto: PRF \/ Divulga\u00e7\u00e3o<\/p>\n\n\n\n<p class=\"wp-block-paragraph\">Por Cidade em Alta | Rep\u00f3rter Adeildo Bueno Ribeiro<\/p>\n\n\n\n<p class=\"wp-block-paragraph\"><img loading=\"lazy\" decoding=\"async\" height=\"16\" width=\"16\" alt=\"\ud83c\udf10\" src=\"https:\/\/static.xx.fbcdn.net\/images\/emoji.php\/v9\/taa\/1\/16\/1f310.png\"><a href=\"https:\/\/cidadeemalta.com.br\/en\/?fbclid=IwcGRvZgFleHRuA2FlbQIxMABicmlkETFWWUxoa2dEMEN2UDV6N1c2c3J0YwZhcHBfaWQQMjIyMDM5MTc4ODIwMDg5MgABHk4GcCdBglB1YJoGsP-K9rM10alr4R2MdNsXTDtvZ-zvCGcDp-7VwSegS2_Y_aem_Gd_LYCGXYZTMYt7A_59zOg\" rel=\"noreferrer noopener\" target=\"_blank\">www.cidadeemalta.com.br<\/a><\/p>\n\n\n\n<figure class=\"wp-block-image size-full\"><img loading=\"lazy\" decoding=\"async\" width=\"800\" height=\"450\" src=\"https:\/\/cidadeemalta.com.br\/wp-content\/uploads\/2026\/08\/1.png\" alt=\"\" class=\"wp-image-448\" srcset=\"https:\/\/cidadeemalta.com.br\/wp-content\/uploads\/2026\/08\/1.png 800w, https:\/\/cidadeemalta.com.br\/wp-content\/uploads\/2026\/08\/1-300x169.png 300w, https:\/\/cidadeemalta.com.br\/wp-content\/uploads\/2026\/08\/1-768x432.png 768w, https:\/\/cidadeemalta.com.br\/wp-content\/uploads\/2026\/08\/1-18x10.png 18w\" sizes=\"auto, (max-width: 800px) 100vw, 800px\" \/><\/figure>\n\n\n\n<figure class=\"wp-block-image size-full\"><img loading=\"lazy\" decoding=\"async\" width=\"800\" height=\"450\" src=\"https:\/\/cidadeemalta.com.br\/wp-content\/uploads\/2026\/08\/2.png\" alt=\"\" class=\"wp-image-447\" srcset=\"https:\/\/cidadeemalta.com.br\/wp-content\/uploads\/2026\/08\/2.png 800w, https:\/\/cidadeemalta.com.br\/wp-content\/uploads\/2026\/08\/2-300x169.png 300w, https:\/\/cidadeemalta.com.br\/wp-content\/uploads\/2026\/08\/2-768x432.png 768w, https:\/\/cidadeemalta.com.br\/wp-content\/uploads\/2026\/08\/2-18x10.png 18w\" sizes=\"auto, (max-width: 800px) 100vw, 800px\" \/><\/figure>\n\n\n\n<figure class=\"wp-block-image size-full\"><img loading=\"lazy\" decoding=\"async\" width=\"800\" height=\"450\" src=\"https:\/\/cidadeemalta.com.br\/wp-content\/uploads\/2026\/08\/3.png\" alt=\"\" class=\"wp-image-449\" srcset=\"https:\/\/cidadeemalta.com.br\/wp-content\/uploads\/2026\/08\/3.png 800w, https:\/\/cidadeemalta.com.br\/wp-content\/uploads\/2026\/08\/3-300x169.png 300w, https:\/\/cidadeemalta.com.br\/wp-content\/uploads\/2026\/08\/3-768x432.png 768w, https:\/\/cidadeemalta.com.br\/wp-content\/uploads\/2026\/08\/3-18x10.png 18w\" sizes=\"auto, (max-width: 800px) 100vw, 800px\" \/><\/figure>","protected":false},"excerpt":{"rendered":"<p>Droga foi localizada durante abordagem a um caminh\u00e3o em Lajeado, no Vale do Taquari; motorista foi preso por tr\u00e1fico de [&hellip;]<\/p>\n","protected":false},"author":1,"featured_media":449,"comment_status":"open","ping_status":"open","sticky":false,"template":"","format":"standard","meta":{"_uag_custom_page_level_css":"","_monsterinsights_skip_tracking":false,"_uf_show_specific_survey":0,"_uf_disable_surveys":false,"site-sidebar-layout":"default","site-content-layout":"","ast-site-content-layout":"default","site-content-style":"default","site-sidebar-style":"default","ast-global-header-display":"","ast-banner-title-visibility":"","ast-main-header-display":"","ast-hfb-above-header-display":"","ast-hfb-below-header-display":"","ast-hfb-mobile-header-display":"","site-post-title":"","ast-breadcrumbs-content":"","ast-featured-img":"","footer-sml-layout":"","ast-disable-related-posts":"","theme-transparent-header-meta":"","adv-header-id-meta":"","stick-header-meta":"","header-above-stick-meta":"","header-main-stick-meta":"","header-below-stick-meta":"","astra-migrate-meta-layouts":"default","ast-page-background-enabled":"default","ast-page-background-meta":{"desktop":{"background-color":"var(--ast-global-color-5)","background-image":"","background-repeat":"repeat","background-position":"center center","background-size":"auto","background-attachment":"scroll","background-type":"","background-media":"","overlay-type":"","overlay-color":"","overlay-opacity":"","overlay-gradient":""},"tablet":{"background-color":"","background-image":"","background-repeat":"repeat","background-position":"center center","background-size":"auto","background-attachment":"scroll","background-type":"","background-media":"","overlay-type":"","overlay-color":"","overlay-opacity":"","overlay-gradient":""},"mobile":{"background-color":"","background-image":"","background-repeat":"repeat","background-position":"center center","background-size":"auto","background-attachment":"scroll","background-type":"","background-media":"","overlay-type":"","overlay-color":"","overlay-opacity":"","overlay-gradient":""}},"ast-content-background-meta":{"desktop":{"background-color":"var(--ast-global-color-4)","background-image":"","background-repeat":"repeat","background-position":"center center","background-size":"auto","background-attachment":"scroll","background-type":"","background-media":"","overlay-type":"","overlay-color":"","overlay-opacity":"","overlay-gradient":""},"tablet":{"background-color":"var(--ast-global-color-4)","background-image":"","background-repeat":"repeat","background-position":"center center","background-size":"auto","background-attachment":"scroll","background-type":"","background-media":"","overlay-type":"","overlay-color":"","overlay-opacity":"","overlay-gradient":""},"mobile":{"background-color":"var(--ast-global-color-4)","background-image":"","background-repeat":"repeat","background-position":"center center","background-size":"auto","background-attachment":"scroll","background-type":"","background-media":"","overlay-type":"","overlay-color":"","overlay-opacity":"","overlay-gradient":""}},"footnotes":""},"categories":[22,14,18],"tags":[],"class_list":["post-446","post","type-post","status-publish","format-standard","has-post-thumbnail","hentry","category-policia","category-regiao","category-seguranca"],"aioseo_notices":[],"uagb_featured_image_src":{"full":["https:\/\/cidadeemalta.com.br\/wp-content\/uploads\/2026\/08\/3.png",800,450,false],"thumbnail":["https:\/\/cidadeemalta.com.br\/wp-content\/uploads\/2026\/08\/3-150x150.png",150,150,true],"medium":["https:\/\/cidadeemalta.com.br\/wp-content\/uploads\/2026\/08\/3-300x169.png",300,169,true],"medium_large":["https:\/\/cidadeemalta.com.br\/wp-content\/uploads\/2026\/08\/3-768x432.png",768,432,true],"large":["https:\/\/cidadeemalta.com.br\/wp-content\/uploads\/2026\/08\/3.png",800,450,false],"1536x1536":["https:\/\/cidadeemalta.com.br\/wp-content\/uploads\/2026\/08\/3.png",800,450,false],"2048x2048":["https:\/\/cidadeemalta.com.br\/wp-content\/uploads\/2026\/08\/3.png",800,450,false],"trp-custom-language-flag":["https:\/\/cidadeemalta.com.br\/wp-content\/uploads\/2026\/08\/3-18x10.png",18,10,true]},"uagb_author_info":{"display_name":"Adeildo Bueno | Cidade em Alta","author_link":"https:\/\/cidadeemalta.com.br\/en\/author\/cidadeemalta2026\/"},"uagb_comment_info":0,"uagb_excerpt":"Droga foi localizada durante abordagem a um caminh\u00e3o em Lajeado, no Vale do Taquari; motorista foi preso por tr\u00e1fico de [&hellip;]","_links":{"self":[{"href":"https:\/\/cidadeemalta.com.br\/en\/wp-json\/wp\/v2\/posts\/446","targetHints":{"allow":["GET"]}}],"collection":[{"href":"https:\/\/cidadeemalta.com.br\/en\/wp-json\/wp\/v2\/posts"}],"about":[{"href":"https:\/\/cidadeemalta.com.br\/en\/wp-json\/wp\/v2\/types\/post"}],"author":[{"embeddable":true,"href":"https:\/\/cidadeemalta.com.br\/en\/wp-json\/wp\/v2\/users\/1"}],"replies":[{"embeddable":true,"href":"https:\/\/cidadeemalta.com.br\/en\/wp-json\/wp\/v2\/comments?post=446"}],"version-history":[{"count":1,"href":"https:\/\/cidadeemalta.com.br\/en\/wp-json\/wp\/v2\/posts\/446\/revisions"}],"predecessor-version":[{"id":450,"href":"https:\/\/cidadeemalta.com.br\/en\/wp-json\/wp\/v2\/posts\/446\/revisions\/450"}],"wp:featuredmedia":[{"embeddable":true,"href":"https:\/\/cidadeemalta.com.br\/en\/wp-json\/wp\/v2\/media\/449"}],"wp:attachment":[{"href":"https:\/\/cidadeemalta.com.br\/en\/wp-json\/wp\/v2\/media?parent=446"}],"wp:term":[{"taxonomy":"category","embeddable":true,"href":"https:\/\/cidadeemalta.com.br\/en\/wp-json\/wp\/v2\/categories?post=446"},{"taxonomy":"post_tag","embeddable":true,"href":"https:\/\/cidadeemalta.com.br\/en\/wp-json\/wp\/v2\/tags?post=446"}],"curies":[{"name":"wp","href":"https:\/\/api.w.org\/{rel}","templated":true}]}}