{"id":442,"date":"2026-08-11T13:45:13","date_gmt":"2026-08-11T16:45:13","guid":{"rendered":"https:\/\/cidadeemalta.com.br\/?p=442"},"modified":"2026-08-11T13:45:16","modified_gmt":"2026-08-11T16:45:16","slug":"telles-vigilancia-e-homenageada-por-10-anos-de-atuacao-na-coxilha-nativistareconhecimento-destaca-uma-decada-de-servicos-no-tradicional-evento-de-cruz-alta-e-valoriza-os-profissionais-e-as-familias-qu","status":"publish","type":"post","link":"https:\/\/cidadeemalta.com.br\/en\/telles-vigilancia-e-homenageada-por-10-anos-de-atuacao-na-coxilha-nativistareconhecimento-destaca-uma-decada-de-servicos-no-tradicional-evento-de-cruz-alta-e-valoriza-os-profissionais-e-as-familias-qu\/","title":{"rendered":"Telles Vigil\u00e2ncia \u00e9 homenageada por 10 anos de atua\u00e7\u00e3o na Coxilha NativistaReconhecimento destaca uma d\u00e9cada de servi\u00e7os no tradicional evento de Cruz Alta e valoriza os profissionais e as fam\u00edlias que ajudam a construir essa trajet\u00f3ria"},"content":{"rendered":"\n<p class=\"wp-block-paragraph\">CRUZ ALTA (RS) \u2014 Uma hist\u00f3ria constru\u00edda com seguran\u00e7a, responsabilidade e, principalmente, pessoas. A Telles Vigil\u00e2ncia recebeu, no dia 30 de julho, uma homenagem pelos 10 anos de atua\u00e7\u00e3o na seguran\u00e7a da Coxilha Nativista, um dos mais tradicionais eventos culturais de Cruz Alta e do Rio Grande do Sul.<\/p>\n\n\n\n<p class=\"wp-block-paragraph\">O reconhecimento foi concedido pela JBA Produ\u00e7\u00f5es, organizadora da Coxilha Nativista, representada por Bosco e Renato, em reconhecimento aos servi\u00e7os prestados pela empresa ao longo de uma d\u00e9cada de parceria com o evento.<\/p>\n\n\n\n<p class=\"wp-block-paragraph\">\u00c0 frente da gest\u00e3o da empresa est\u00e1 Jo\u00e3o Paulo Corr\u00eaa Telles, s\u00f3cio-administrador da Telles Vigil\u00e2ncia, que recebeu o reconhecimento ao lado de integrantes da equipe e representantes envolvidos nessa trajet\u00f3ria.<\/p>\n\n\n\n<p class=\"wp-block-paragraph\">O trof\u00e9u simboliza um trabalho que envolve planejamento, prepara\u00e7\u00e3o das equipes e atua\u00e7\u00e3o direta dos profissionais respons\u00e1veis por contribuir para a seguran\u00e7a do p\u00fablico, trabalhadores, artistas e demais participantes durante a realiza\u00e7\u00e3o da Coxilha.<\/p>\n\n\n\n<p class=\"wp-block-paragraph\">Uma estrutura que vai al\u00e9m da vigil\u00e2ncia<\/p>\n\n\n\n<p class=\"wp-block-paragraph\">Com atua\u00e7\u00e3o em Cruz Alta e regi\u00e3o, a Telles mant\u00e9m uma estrutura que re\u00fane diferentes solu\u00e7\u00f5es nas \u00e1reas de seguran\u00e7a e presta\u00e7\u00e3o de servi\u00e7os.<\/p>\n\n\n\n<p class=\"wp-block-paragraph\">Conforme informa\u00e7\u00f5es divulgadas pela empresa, est\u00e3o entre as atividades oferecidas monitoramento eletr\u00f4nico 24 horas, sistemas de alarmes, vigil\u00e2ncia, videomonitoramento, portaria e zeladoria, servi\u00e7os de limpeza, al\u00e9m de instala\u00e7\u00e3o e manuten\u00e7\u00e3o de sistemas de seguran\u00e7a.<\/p>\n\n\n\n<p class=\"wp-block-paragraph\">A estrutura permite atender empresas, eventos, condom\u00ednios e resid\u00eancias, reunindo profissionais de diferentes \u00e1reas em uma mesma opera\u00e7\u00e3o.<\/p>\n\n\n\n<p class=\"wp-block-paragraph\">19 anos de atua\u00e7\u00e3o autorizada pela Pol\u00edcia Federal<\/p>\n\n\n\n<p class=\"wp-block-paragraph\">Al\u00e9m dos dez anos de presen\u00e7a na Coxilha Nativista, a empresa destaca outro marco de sua trajet\u00f3ria: s\u00e3o 19 anos de Alvar\u00e1 de Funcionamento expedido pela Pol\u00edcia Federal, para o exerc\u00edcio regular da atividade de seguran\u00e7a privada.<\/p>\n\n\n\n<p class=\"wp-block-paragraph\">A atua\u00e7\u00e3o do setor est\u00e1 atualmente regulamentada pelo Estatuto da Seguran\u00e7a Privada e da Seguran\u00e7a das Institui\u00e7\u00f5es Financeiras, institu\u00eddo pela Lei Federal n\u00ba 14.967\/2024, sob fiscaliza\u00e7\u00e3o da Pol\u00edcia Federal.<\/p>\n\n\n\n<p class=\"wp-block-paragraph\">Por tr\u00e1s dos uniformes existem fam\u00edlias<\/p>\n\n\n\n<p class=\"wp-block-paragraph\">O reconhecimento recebido pela empresa tamb\u00e9m permite destacar aqueles que ajudam a construir essa hist\u00f3ria diariamente.<\/p>\n\n\n\n<p class=\"wp-block-paragraph\">S\u00e3o vigilantes, profissionais do monitoramento, operadores, trabalhadores da limpeza e conserva\u00e7\u00e3o, porteiros, zeladores, t\u00e9cnicos e colaboradores dos setores administrativos e operacionais.<\/p>\n\n\n\n<p class=\"wp-block-paragraph\">Homens e mulheres que cumprem escalas durante o dia, \u00e0 noite, em finais de semana e feriados. Enquanto milhares de pessoas participam de grandes eventos, existem profissionais trabalhando para contribuir com a seguran\u00e7a e a organiza\u00e7\u00e3o.<\/p>\n\n\n\n<p class=\"wp-block-paragraph\">E por tr\u00e1s de cada trabalhador existe tamb\u00e9m uma fam\u00edlia.<\/p>\n\n\n\n<p class=\"wp-block-paragraph\">S\u00e3o esposas, esposos, filhos, pais e m\u00e3es que convivem com hor\u00e1rios diferenciados, plant\u00f5es e aus\u00eancias nos momentos em que esses profissionais precisam estar em seus postos de trabalho.<\/p>\n\n\n\n<p class=\"wp-block-paragraph\">Por isso, uma homenagem pelos dez anos de atua\u00e7\u00e3o na Coxilha Nativista n\u00e3o representa somente uma conquista empresarial. Ela tamb\u00e9m alcan\u00e7a cada profissional que ajudou a construir essa caminhada e as fam\u00edlias que permaneceram ao lado deles durante todos esses anos.<\/p>\n\n\n\n<p class=\"wp-block-paragraph\">Uma d\u00e9cada que deixa sua marca na Coxilha<\/p>\n\n\n\n<p class=\"wp-block-paragraph\">Dez anos de atua\u00e7\u00e3o em um evento tradicional representam uma rela\u00e7\u00e3o constru\u00edda com trabalho, responsabilidade e continuidade.<\/p>\n\n\n\n<p class=\"wp-block-paragraph\">O trof\u00e9u entregue pela JBA Produ\u00e7\u00f5es registra mais um cap\u00edtulo dessa hist\u00f3ria e reconhece a participa\u00e7\u00e3o da Telles Vigil\u00e2ncia na estrutura de seguran\u00e7a da Coxilha Nativista.<\/p>\n\n\n\n<p class=\"wp-block-paragraph\">Empresas carregam nomes e marcas. Mas hist\u00f3rias s\u00e3o constru\u00eddas por pessoas.<\/p>\n\n\n\n<p class=\"wp-block-paragraph\">O Cidade em Alta registra o reconhecimento \u00e0 Telles Vigil\u00e2ncia, ao s\u00f3cio-administrador <a href=\"https:\/\/www.facebook.com\/joaopaulocorreatelles.telles?__cft__[0]=AZZuJZx7-xHzCCApzNdFKOxNNhPv4RpLQFhkCQZzqxGdjlvJy5X9aAROGBO4IYKY-9iq8o2hAXu9yazif8jMcJ90PQjAGhmIwPsD4v2eb6SRS2A9wUxj-GHMliLiDYJWIkDwiZoBiWMiNw8qSFpyUMLm07MORBTSWy_mrhWxI27AN6Wxp5lRme-GeGXbztuXbKI&amp;__tn__=-]K-R\">Jo\u00e3o Paulo Correa Telles<\/a> e, especialmente, aos profissionais das diferentes \u00e1reas da empresa e suas fam\u00edlias, que tamb\u00e9m fazem parte dessa trajet\u00f3ria.<\/p>\n\n\n\n<p class=\"wp-block-paragraph\">Fonte: Telles Vigil\u00e2ncia \/ JBA Produ\u00e7\u00f5es<\/p>\n\n\n\n<p class=\"wp-block-paragraph\">Por Cidade em Alta | Rep\u00f3rter Adeildo Bueno Ribeiro<\/p>\n\n\n\n<figure class=\"wp-block-image size-full\"><img loading=\"lazy\" decoding=\"async\" width=\"800\" height=\"450\" src=\"https:\/\/cidadeemalta.com.br\/wp-content\/uploads\/2026\/08\/telles-01.png\" alt=\"\" class=\"wp-image-444\" srcset=\"https:\/\/cidadeemalta.com.br\/wp-content\/uploads\/2026\/08\/telles-01.png 800w, https:\/\/cidadeemalta.com.br\/wp-content\/uploads\/2026\/08\/telles-01-300x169.png 300w, https:\/\/cidadeemalta.com.br\/wp-content\/uploads\/2026\/08\/telles-01-768x432.png 768w, https:\/\/cidadeemalta.com.br\/wp-content\/uploads\/2026\/08\/telles-01-18x10.png 18w\" sizes=\"auto, (max-width: 800px) 100vw, 800px\" \/><\/figure>\n","protected":false},"excerpt":{"rendered":"<p>CRUZ ALTA (RS) \u2014 Uma hist\u00f3ria constru\u00edda com seguran\u00e7a, responsabilidade e, principalmente, pessoas. A Telles Vigil\u00e2ncia recebeu, no dia 30 [&hellip;]<\/p>\n","protected":false},"author":1,"featured_media":443,"comment_status":"open","ping_status":"open","sticky":false,"template":"","format":"standard","meta":{"_uag_custom_page_level_css":"","_monsterinsights_skip_tracking":false,"_uf_show_specific_survey":0,"_uf_disable_surveys":false,"site-sidebar-layout":"default","site-content-layout":"","ast-site-content-layout":"default","site-content-style":"default","site-sidebar-style":"default","ast-global-header-display":"","ast-banner-title-visibility":"","ast-main-header-display":"","ast-hfb-above-header-display":"","ast-hfb-below-header-display":"","ast-hfb-mobile-header-display":"","site-post-title":"","ast-breadcrumbs-content":"","ast-featured-img":"","footer-sml-layout":"","ast-disable-related-posts":"","theme-transparent-header-meta":"","adv-header-id-meta":"","stick-header-meta":"","header-above-stick-meta":"","header-main-stick-meta":"","header-below-stick-meta":"","astra-migrate-meta-layouts":"default","ast-page-background-enabled":"default","ast-page-background-meta":{"desktop":{"background-color":"var(--ast-global-color-5)","background-image":"","background-repeat":"repeat","background-position":"center center","background-size":"auto","background-attachment":"scroll","background-type":"","background-media":"","overlay-type":"","overlay-color":"","overlay-opacity":"","overlay-gradient":""},"tablet":{"background-color":"","background-image":"","background-repeat":"repeat","background-position":"center center","background-size":"auto","background-attachment":"scroll","background-type":"","background-media":"","overlay-type":"","overlay-color":"","overlay-opacity":"","overlay-gradient":""},"mobile":{"background-color":"","background-image":"","background-repeat":"repeat","background-position":"center center","background-size":"auto","background-attachment":"scroll","background-type":"","background-media":"","overlay-type":"","overlay-color":"","overlay-opacity":"","overlay-gradient":""}},"ast-content-background-meta":{"desktop":{"background-color":"var(--ast-global-color-4)","background-image":"","background-repeat":"repeat","background-position":"center center","background-size":"auto","background-attachment":"scroll","background-type":"","background-media":"","overlay-type":"","overlay-color":"","overlay-opacity":"","overlay-gradient":""},"tablet":{"background-color":"var(--ast-global-color-4)","background-image":"","background-repeat":"repeat","background-position":"center center","background-size":"auto","background-attachment":"scroll","background-type":"","background-media":"","overlay-type":"","overlay-color":"","overlay-opacity":"","overlay-gradient":""},"mobile":{"background-color":"var(--ast-global-color-4)","background-image":"","background-repeat":"repeat","background-position":"center center","background-size":"auto","background-attachment":"scroll","background-type":"","background-media":"","overlay-type":"","overlay-color":"","overlay-opacity":"","overlay-gradient":""}},"footnotes":""},"categories":[16,13,18],"tags":[],"class_list":["post-442","post","type-post","status-publish","format-standard","has-post-thumbnail","hentry","category-comunidade","category-cruz-alta","category-seguranca"],"aioseo_notices":[],"uagb_featured_image_src":{"full":["https:\/\/cidadeemalta.com.br\/wp-content\/uploads\/2026\/08\/telles-2.png",800,450,false],"thumbnail":["https:\/\/cidadeemalta.com.br\/wp-content\/uploads\/2026\/08\/telles-2-150x150.png",150,150,true],"medium":["https:\/\/cidadeemalta.com.br\/wp-content\/uploads\/2026\/08\/telles-2-300x169.png",300,169,true],"medium_large":["https:\/\/cidadeemalta.com.br\/wp-content\/uploads\/2026\/08\/telles-2-768x432.png",768,432,true],"large":["https:\/\/cidadeemalta.com.br\/wp-content\/uploads\/2026\/08\/telles-2.png",800,450,false],"1536x1536":["https:\/\/cidadeemalta.com.br\/wp-content\/uploads\/2026\/08\/telles-2.png",800,450,false],"2048x2048":["https:\/\/cidadeemalta.com.br\/wp-content\/uploads\/2026\/08\/telles-2.png",800,450,false],"trp-custom-language-flag":["https:\/\/cidadeemalta.com.br\/wp-content\/uploads\/2026\/08\/telles-2-18x10.png",18,10,true]},"uagb_author_info":{"display_name":"Adeildo Bueno | Cidade em Alta","author_link":"https:\/\/cidadeemalta.com.br\/en\/author\/cidadeemalta2026\/"},"uagb_comment_info":0,"uagb_excerpt":"CRUZ ALTA (RS) \u2014 Uma hist\u00f3ria constru\u00edda com seguran\u00e7a, responsabilidade e, principalmente, pessoas. A Telles Vigil\u00e2ncia recebeu, no dia 30 [&hellip;]","_links":{"self":[{"href":"https:\/\/cidadeemalta.com.br\/en\/wp-json\/wp\/v2\/posts\/442","targetHints":{"allow":["GET"]}}],"collection":[{"href":"https:\/\/cidadeemalta.com.br\/en\/wp-json\/wp\/v2\/posts"}],"about":[{"href":"https:\/\/cidadeemalta.com.br\/en\/wp-json\/wp\/v2\/types\/post"}],"author":[{"embeddable":true,"href":"https:\/\/cidadeemalta.com.br\/en\/wp-json\/wp\/v2\/users\/1"}],"replies":[{"embeddable":true,"href":"https:\/\/cidadeemalta.com.br\/en\/wp-json\/wp\/v2\/comments?post=442"}],"version-history":[{"count":1,"href":"https:\/\/cidadeemalta.com.br\/en\/wp-json\/wp\/v2\/posts\/442\/revisions"}],"predecessor-version":[{"id":445,"href":"https:\/\/cidadeemalta.com.br\/en\/wp-json\/wp\/v2\/posts\/442\/revisions\/445"}],"wp:featuredmedia":[{"embeddable":true,"href":"https:\/\/cidadeemalta.com.br\/en\/wp-json\/wp\/v2\/media\/443"}],"wp:attachment":[{"href":"https:\/\/cidadeemalta.com.br\/en\/wp-json\/wp\/v2\/media?parent=442"}],"wp:term":[{"taxonomy":"category","embeddable":true,"href":"https:\/\/cidadeemalta.com.br\/en\/wp-json\/wp\/v2\/categories?post=442"},{"taxonomy":"post_tag","embeddable":true,"href":"https:\/\/cidadeemalta.com.br\/en\/wp-json\/wp\/v2\/tags?post=442"}],"curies":[{"name":"wp","href":"https:\/\/api.w.org\/{rel}","templated":true}]}}