{"id":435,"date":"2026-08-06T21:55:58","date_gmt":"2026-08-07T00:55:58","guid":{"rendered":"https:\/\/cidadeemalta.com.br\/?p=435"},"modified":"2026-08-06T21:56:01","modified_gmt":"2026-08-07T00:56:01","slug":"cavalo-e-encontrado-morto-as-margens-da-rodovia-luciano-furian-e-outro-animal-solto-preocupa-motoristas-em-cruz-alta","status":"publish","type":"post","link":"https:\/\/cidadeemalta.com.br\/en\/cavalo-e-encontrado-morto-as-margens-da-rodovia-luciano-furian-e-outro-animal-solto-preocupa-motoristas-em-cruz-alta\/","title":{"rendered":"CAVALO \u00c9 ENCONTRADO MORTO \u00c0S MARGENS DA RODOVIA LUCIANO FURIAN E OUTRO ANIMAL SOLTO PREOCUPA MOTORISTAS EM CRUZ ALTA"},"content":{"rendered":"<p class=\"wp-block-paragraph\">Na manh\u00e3 desta quinta-feira (06), por volta das 8h15, a equipe do Cidade em Alta registrou uma situa\u00e7\u00e3o preocupante na Rodovia Luciano Furian, quase em frente ao port\u00e3o do campo da Brigada Militar, no sentido Centro\u2013Bairro Tamoio\/Abegay, em Cruz Alta.<\/p>\n\n\n\n<p class=\"wp-block-paragraph\">No local, equipes da Prefeitura realizavam o recolhimento de um equino que foi encontrado morto no acostamento da rodovia, utilizando caminh\u00e3o ca\u00e7amba e retroescavadeira.<\/p>\n\n\n\n<p class=\"wp-block-paragraph\">Durante o trabalho, outro cavalo permaneceu solto nas proximidades, demonstrando inquieta\u00e7\u00e3o e correndo de um lado para outro, aparentemente procurando o animal que havia morrido. A cena chamou a aten\u00e7\u00e3o de quem passava pelo local e aumentou a preocupa\u00e7\u00e3o devido ao risco de acidentes, j\u00e1 que o animal permanecia muito pr\u00f3ximo da pista.<\/p>\n\n\n\n<p class=\"wp-block-paragraph\">At\u00e9 o momento da publica\u00e7\u00e3o desta mat\u00e9ria, n\u00e3o havia informa\u00e7\u00f5es sobre quem seria o propriet\u00e1rio do animal morto, nem sobre as circunst\u00e2ncias da ocorr\u00eancia.<\/p>\n\n\n\n<p class=\"wp-block-paragraph\">O caso refor\u00e7a um alerta importante: animais de grande porte soltos em vias urbanas e rodovias representam um grave risco \u00e0 seguran\u00e7a de motoristas, motociclistas, ciclistas e dos pr\u00f3prios animais. Al\u00e9m dos preju\u00edzos materiais, acidentes envolvendo equinos podem causar ferimentos graves e at\u00e9 mortes.<\/p>\n\n\n\n<p class=\"wp-block-paragraph\">O Cidade em Alta acompanha o caso e trar\u00e1 novas informa\u00e7\u00f5es assim que houver atualiza\u00e7\u00e3o sobre a identifica\u00e7\u00e3o do propriet\u00e1rio e as circunst\u00e2ncias da morte do animal.<\/p>\n\n\n\n<p class=\"wp-block-paragraph\">Por Cidade em Alta \u2013 Rep\u00f3rter Adeildo Bueno Ribeiro<\/p>\n\n\n\n<p class=\"wp-block-paragraph\"><a href=\"https:\/\/cidadeemalta.com.br\/en\/?fbclid=IwcGRvZgFleHRuA2FlbQIxMABicmlkETFnakJTQjB2TWhtMXVlcGFDc3J0YwZhcHBfaWQQMjIyMDM5MTc4ODIwMDg5MgABHgB24e4UZSdutPj3AYI927L7x7dxTumv82MqTxl7UpRMXTdEnwCvj27a8VLc_aem_79-UGoC1-0-rK3OaJU-M8g\" rel=\"noreferrer noopener\" target=\"_blank\">www.cidadeemalta.com.br<\/a><\/p>\n\n\n\n<figure class=\"wp-block-image size-large\"><img loading=\"lazy\" decoding=\"async\" width=\"1024\" height=\"576\" src=\"https:\/\/cidadeemalta.com.br\/wp-content\/uploads\/2026\/08\/image-1024x576.png\" alt=\"\" class=\"wp-image-436\" srcset=\"https:\/\/cidadeemalta.com.br\/wp-content\/uploads\/2026\/08\/image-1024x576.png 1024w, https:\/\/cidadeemalta.com.br\/wp-content\/uploads\/2026\/08\/image-300x169.png 300w, https:\/\/cidadeemalta.com.br\/wp-content\/uploads\/2026\/08\/image-768x432.png 768w, https:\/\/cidadeemalta.com.br\/wp-content\/uploads\/2026\/08\/image-1536x864.png 1536w, https:\/\/cidadeemalta.com.br\/wp-content\/uploads\/2026\/08\/image-18x10.png 18w, https:\/\/cidadeemalta.com.br\/wp-content\/uploads\/2026\/08\/image.png 2048w\" sizes=\"auto, (max-width: 1024px) 100vw, 1024px\" \/><\/figure>\n\n\n\n<figure class=\"wp-block-image size-large\"><img loading=\"lazy\" decoding=\"async\" width=\"1024\" height=\"576\" src=\"https:\/\/cidadeemalta.com.br\/wp-content\/uploads\/2026\/08\/image-1-1024x576.png\" alt=\"\" class=\"wp-image-437\" srcset=\"https:\/\/cidadeemalta.com.br\/wp-content\/uploads\/2026\/08\/image-1-1024x576.png 1024w, https:\/\/cidadeemalta.com.br\/wp-content\/uploads\/2026\/08\/image-1-300x169.png 300w, https:\/\/cidadeemalta.com.br\/wp-content\/uploads\/2026\/08\/image-1-768x432.png 768w, https:\/\/cidadeemalta.com.br\/wp-content\/uploads\/2026\/08\/image-1-1536x864.png 1536w, https:\/\/cidadeemalta.com.br\/wp-content\/uploads\/2026\/08\/image-1-18x10.png 18w, https:\/\/cidadeemalta.com.br\/wp-content\/uploads\/2026\/08\/image-1.png 2048w\" sizes=\"auto, (max-width: 1024px) 100vw, 1024px\" \/><\/figure>\n\n\n\n<figure class=\"wp-block-image size-large\"><img loading=\"lazy\" decoding=\"async\" width=\"1024\" height=\"576\" src=\"https:\/\/cidadeemalta.com.br\/wp-content\/uploads\/2026\/08\/image-2-1024x576.png\" alt=\"\" class=\"wp-image-438\" srcset=\"https:\/\/cidadeemalta.com.br\/wp-content\/uploads\/2026\/08\/image-2-1024x576.png 1024w, https:\/\/cidadeemalta.com.br\/wp-content\/uploads\/2026\/08\/image-2-300x169.png 300w, https:\/\/cidadeemalta.com.br\/wp-content\/uploads\/2026\/08\/image-2-768x432.png 768w, https:\/\/cidadeemalta.com.br\/wp-content\/uploads\/2026\/08\/image-2-1536x864.png 1536w, https:\/\/cidadeemalta.com.br\/wp-content\/uploads\/2026\/08\/image-2-18x10.png 18w, https:\/\/cidadeemalta.com.br\/wp-content\/uploads\/2026\/08\/image-2.png 2048w\" sizes=\"auto, (max-width: 1024px) 100vw, 1024px\" \/><\/figure>\n\n\n\n<figure class=\"wp-block-image size-large\"><img loading=\"lazy\" decoding=\"async\" width=\"1024\" height=\"576\" src=\"https:\/\/cidadeemalta.com.br\/wp-content\/uploads\/2026\/08\/image-3-1024x576.png\" alt=\"\" class=\"wp-image-439\" srcset=\"https:\/\/cidadeemalta.com.br\/wp-content\/uploads\/2026\/08\/image-3-1024x576.png 1024w, https:\/\/cidadeemalta.com.br\/wp-content\/uploads\/2026\/08\/image-3-300x169.png 300w, https:\/\/cidadeemalta.com.br\/wp-content\/uploads\/2026\/08\/image-3-768x432.png 768w, https:\/\/cidadeemalta.com.br\/wp-content\/uploads\/2026\/08\/image-3-1536x864.png 1536w, https:\/\/cidadeemalta.com.br\/wp-content\/uploads\/2026\/08\/image-3-18x10.png 18w, https:\/\/cidadeemalta.com.br\/wp-content\/uploads\/2026\/08\/image-3.png 2048w\" sizes=\"auto, (max-width: 1024px) 100vw, 1024px\" \/><\/figure>\n\n\n\n<figure class=\"wp-block-image size-large\"><img loading=\"lazy\" decoding=\"async\" width=\"1024\" height=\"576\" src=\"https:\/\/cidadeemalta.com.br\/wp-content\/uploads\/2026\/08\/image-4-1024x576.png\" alt=\"\" class=\"wp-image-440\" srcset=\"https:\/\/cidadeemalta.com.br\/wp-content\/uploads\/2026\/08\/image-4-1024x576.png 1024w, https:\/\/cidadeemalta.com.br\/wp-content\/uploads\/2026\/08\/image-4-300x169.png 300w, https:\/\/cidadeemalta.com.br\/wp-content\/uploads\/2026\/08\/image-4-768x432.png 768w, https:\/\/cidadeemalta.com.br\/wp-content\/uploads\/2026\/08\/image-4-1536x864.png 1536w, https:\/\/cidadeemalta.com.br\/wp-content\/uploads\/2026\/08\/image-4-18x10.png 18w, https:\/\/cidadeemalta.com.br\/wp-content\/uploads\/2026\/08\/image-4.png 2048w\" sizes=\"auto, (max-width: 1024px) 100vw, 1024px\" \/><\/figure>","protected":false},"excerpt":{"rendered":"<p>Na manh\u00e3 desta quinta-feira (06), por volta das 8h15, a equipe do Cidade em Alta registrou uma situa\u00e7\u00e3o preocupante na [&hellip;]<\/p>\n","protected":false},"author":1,"featured_media":440,"comment_status":"open","ping_status":"open","sticky":false,"template":"","format":"standard","meta":{"_uag_custom_page_level_css":"","_monsterinsights_skip_tracking":false,"_uf_show_specific_survey":0,"_uf_disable_surveys":false,"site-sidebar-layout":"default","site-content-layout":"","ast-site-content-layout":"default","site-content-style":"default","site-sidebar-style":"default","ast-global-header-display":"","ast-banner-title-visibility":"","ast-main-header-display":"","ast-hfb-above-header-display":"","ast-hfb-below-header-display":"","ast-hfb-mobile-header-display":"","site-post-title":"","ast-breadcrumbs-content":"","ast-featured-img":"","footer-sml-layout":"","ast-disable-related-posts":"","theme-transparent-header-meta":"","adv-header-id-meta":"","stick-header-meta":"","header-above-stick-meta":"","header-main-stick-meta":"","header-below-stick-meta":"","astra-migrate-meta-layouts":"default","ast-page-background-enabled":"default","ast-page-background-meta":{"desktop":{"background-color":"var(--ast-global-color-5)","background-image":"","background-repeat":"repeat","background-position":"center center","background-size":"auto","background-attachment":"scroll","background-type":"","background-media":"","overlay-type":"","overlay-color":"","overlay-opacity":"","overlay-gradient":""},"tablet":{"background-color":"","background-image":"","background-repeat":"repeat","background-position":"center center","background-size":"auto","background-attachment":"scroll","background-type":"","background-media":"","overlay-type":"","overlay-color":"","overlay-opacity":"","overlay-gradient":""},"mobile":{"background-color":"","background-image":"","background-repeat":"repeat","background-position":"center center","background-size":"auto","background-attachment":"scroll","background-type":"","background-media":"","overlay-type":"","overlay-color":"","overlay-opacity":"","overlay-gradient":""}},"ast-content-background-meta":{"desktop":{"background-color":"var(--ast-global-color-4)","background-image":"","background-repeat":"repeat","background-position":"center center","background-size":"auto","background-attachment":"scroll","background-type":"","background-media":"","overlay-type":"","overlay-color":"","overlay-opacity":"","overlay-gradient":""},"tablet":{"background-color":"var(--ast-global-color-4)","background-image":"","background-repeat":"repeat","background-position":"center center","background-size":"auto","background-attachment":"scroll","background-type":"","background-media":"","overlay-type":"","overlay-color":"","overlay-opacity":"","overlay-gradient":""},"mobile":{"background-color":"var(--ast-global-color-4)","background-image":"","background-repeat":"repeat","background-position":"center center","background-size":"auto","background-attachment":"scroll","background-type":"","background-media":"","overlay-type":"","overlay-color":"","overlay-opacity":"","overlay-gradient":""}},"footnotes":""},"categories":[13,18],"tags":[],"class_list":["post-435","post","type-post","status-publish","format-standard","has-post-thumbnail","hentry","category-cruz-alta","category-seguranca"],"aioseo_notices":[],"uagb_featured_image_src":{"full":["https:\/\/cidadeemalta.com.br\/wp-content\/uploads\/2026\/08\/image-4.png",2048,1152,false],"thumbnail":["https:\/\/cidadeemalta.com.br\/wp-content\/uploads\/2026\/08\/image-4-150x150.png",150,150,true],"medium":["https:\/\/cidadeemalta.com.br\/wp-content\/uploads\/2026\/08\/image-4-300x169.png",300,169,true],"medium_large":["https:\/\/cidadeemalta.com.br\/wp-content\/uploads\/2026\/08\/image-4-768x432.png",768,432,true],"large":["https:\/\/cidadeemalta.com.br\/wp-content\/uploads\/2026\/08\/image-4-1024x576.png",1024,576,true],"1536x1536":["https:\/\/cidadeemalta.com.br\/wp-content\/uploads\/2026\/08\/image-4-1536x864.png",1536,864,true],"2048x2048":["https:\/\/cidadeemalta.com.br\/wp-content\/uploads\/2026\/08\/image-4.png",2048,1152,false],"trp-custom-language-flag":["https:\/\/cidadeemalta.com.br\/wp-content\/uploads\/2026\/08\/image-4-18x10.png",18,10,true]},"uagb_author_info":{"display_name":"Adeildo Bueno | Cidade em Alta","author_link":"https:\/\/cidadeemalta.com.br\/en\/author\/cidadeemalta2026\/"},"uagb_comment_info":0,"uagb_excerpt":"Na manh\u00e3 desta quinta-feira (06), por volta das 8h15, a equipe do Cidade em Alta registrou uma situa\u00e7\u00e3o preocupante na [&hellip;]","_links":{"self":[{"href":"https:\/\/cidadeemalta.com.br\/en\/wp-json\/wp\/v2\/posts\/435","targetHints":{"allow":["GET"]}}],"collection":[{"href":"https:\/\/cidadeemalta.com.br\/en\/wp-json\/wp\/v2\/posts"}],"about":[{"href":"https:\/\/cidadeemalta.com.br\/en\/wp-json\/wp\/v2\/types\/post"}],"author":[{"embeddable":true,"href":"https:\/\/cidadeemalta.com.br\/en\/wp-json\/wp\/v2\/users\/1"}],"replies":[{"embeddable":true,"href":"https:\/\/cidadeemalta.com.br\/en\/wp-json\/wp\/v2\/comments?post=435"}],"version-history":[{"count":1,"href":"https:\/\/cidadeemalta.com.br\/en\/wp-json\/wp\/v2\/posts\/435\/revisions"}],"predecessor-version":[{"id":441,"href":"https:\/\/cidadeemalta.com.br\/en\/wp-json\/wp\/v2\/posts\/435\/revisions\/441"}],"wp:featuredmedia":[{"embeddable":true,"href":"https:\/\/cidadeemalta.com.br\/en\/wp-json\/wp\/v2\/media\/440"}],"wp:attachment":[{"href":"https:\/\/cidadeemalta.com.br\/en\/wp-json\/wp\/v2\/media?parent=435"}],"wp:term":[{"taxonomy":"category","embeddable":true,"href":"https:\/\/cidadeemalta.com.br\/en\/wp-json\/wp\/v2\/categories?post=435"},{"taxonomy":"post_tag","embeddable":true,"href":"https:\/\/cidadeemalta.com.br\/en\/wp-json\/wp\/v2\/tags?post=435"}],"curies":[{"name":"wp","href":"https:\/\/api.w.org\/{rel}","templated":true}]}}