{"id":420,"date":"2026-07-16T14:50:36","date_gmt":"2026-07-16T17:50:36","guid":{"rendered":"https:\/\/cidadeemalta.com.br\/?p=420"},"modified":"2026-07-16T14:50:38","modified_gmt":"2026-07-16T17:50:38","slug":"presenca-de-mulher-reune-liderancas-e-fortalece-o-protagonismo-feminino-em-cruz-alta","status":"publish","type":"post","link":"https:\/\/cidadeemalta.com.br\/en\/presenca-de-mulher-reune-liderancas-e-fortalece-o-protagonismo-feminino-em-cruz-alta\/","title":{"rendered":"PRESEN\u00c7A DE MULHER RE\u00daNE LIDERAN\u00c7AS E FORTALECE O PROTAGONISMO FEMININO EM CRUZ ALTA"},"content":{"rendered":"\n<p class=\"wp-block-paragraph\">Na noite da \u00faltima quarta-feira, 15 de julho de 2026, a C\u00e2mara de Vereadores de Cruz Alta voltou a ser palco de mais uma edi\u00e7\u00e3o do evento &#8220;Presen\u00e7a de Mulher \u2013 Futuro em Constru\u00e7\u00e3o&#8221;, iniciativa promovida pelo gabinete do vereador Diogo Rafael, que mais uma vez reuniu lideran\u00e7as, palestrantes e mulheres de diversos segmentos da comunidade em um encontro marcado pela inspira\u00e7\u00e3o, aprendizado e fortalecimento feminino.<\/p>\n\n\n\n<p class=\"wp-block-paragraph\">O evento contou com a presen\u00e7a da prefeita Dra. Paula Rubin Facco Librelotto e do vice-prefeito J\u00fanior Marquezan, que prestigiaram a iniciativa e refor\u00e7aram a import\u00e2ncia de a\u00e7\u00f5es que incentivam o protagonismo, a valoriza\u00e7\u00e3o e o desenvolvimento das mulheres no munic\u00edpio.<\/p>\n\n\n\n<p class=\"wp-block-paragraph\">Sob a lideran\u00e7a do vereador Diogo Rafael e de sua equipe de gabinete, a terceira edi\u00e7\u00e3o do Presen\u00e7a de Mulher confirmou o sucesso do projeto, proporcionando um ambiente de acolhimento, conex\u00e3o e troca de experi\u00eancias.<\/p>\n\n\n\n<p class=\"wp-block-paragraph\">A programa\u00e7\u00e3o trouxe palestras inspiradoras com a Pastora Andreia Estevan, que abordou o tema &#8220;F\u00e9&#8221;; Greice Santos, falando sobre &#8220;Coragem&#8221;; e Eliana Machado Cardoso, que compartilhou reflex\u00f5es sobre &#8220;Prop\u00f3sito&#8221;. As mensagens emocionaram o p\u00fablico e destacaram a import\u00e2ncia da f\u00e9, da perseveran\u00e7a e da determina\u00e7\u00e3o na constru\u00e7\u00e3o de uma sociedade mais forte e participativa.<\/p>\n\n\n\n<p class=\"wp-block-paragraph\">O encontro reafirmou o compromisso do gabinete do vereador <a href=\"https:\/\/www.facebook.com\/drdiogorafaelmartins?__cft__[0]=AZbG543NaycbAFjdkKf3YBykGS9U0Dd1CwdU3cYrky49yAcIYJnb9TxgmVveGXyCfxcXQp6aNXWBq-hu0Lz2j2ptvCC_bA4TgwkvDRnxbECexZ3HWsF01pGpL6UXOe7-icf5Q857zsGxNwEyVlgQdc-v4i6uV6xR1t7sE2BXPZCxhalfjdXEMMBcHkG8KbEjKcg&amp;__tn__=-]K-R\">Diogo Rafael Silveira Martins<\/a> em promover iniciativas que valorizem as mulheres cruz-altenses, incentivando o crescimento pessoal, profissional e comunit\u00e1rio por meio de eventos que deixam um legado de conhecimento, motiva\u00e7\u00e3o e esperan\u00e7a.<\/p>\n\n\n\n<p class=\"wp-block-paragraph\">Cidade em Alta &#8211; Reporter Capel\u00e3o Pr. <a href=\"https:\/\/www.facebook.com\/capelaopradeildobueno?__cft__[0]=AZbG543NaycbAFjdkKf3YBykGS9U0Dd1CwdU3cYrky49yAcIYJnb9TxgmVveGXyCfxcXQp6aNXWBq-hu0Lz2j2ptvCC_bA4TgwkvDRnxbECexZ3HWsF01pGpL6UXOe7-icf5Q857zsGxNwEyVlgQdc-v4i6uV6xR1t7sE2BXPZCxhalfjdXEMMBcHkG8KbEjKcg&amp;__tn__=-]K-R\">Adeildo Bueno Ribeiro<\/a><\/p>\n\n\n\n<p class=\"wp-block-paragraph\"><a href=\"http:\/\/www.cidadeemalta.com.br\/?fbclid=IwZXh0bgNhZW0CMTAAYnJpZBExVFd3elUwZXJob1I0QTZLQXNydGMGYXBwX2lkEDIyMjAzOTE3ODgyMDA4OTIAAR45WW-juvovF1lU6Up_-VQUZoOCPrfvE-gTiVHnCdP56gPohATDm7WavHVqNQ_aem_cktOhDjq1yOdkY42TtZ66Q\" rel=\"noreferrer noopener\" target=\"_blank\">www.cidadeemalta.com.br<\/a><\/p>\n\n\n\n<figure class=\"wp-block-image size-full\"><img loading=\"lazy\" decoding=\"async\" width=\"800\" height=\"450\" src=\"https:\/\/cidadeemalta.com.br\/wp-content\/uploads\/2026\/07\/SITE-RADIO-CIDADE-POSTAGEM-NOTICIAS-14.png\" alt=\"\" class=\"wp-image-422\" srcset=\"https:\/\/cidadeemalta.com.br\/wp-content\/uploads\/2026\/07\/SITE-RADIO-CIDADE-POSTAGEM-NOTICIAS-14.png 800w, https:\/\/cidadeemalta.com.br\/wp-content\/uploads\/2026\/07\/SITE-RADIO-CIDADE-POSTAGEM-NOTICIAS-14-300x169.png 300w, https:\/\/cidadeemalta.com.br\/wp-content\/uploads\/2026\/07\/SITE-RADIO-CIDADE-POSTAGEM-NOTICIAS-14-768x432.png 768w, https:\/\/cidadeemalta.com.br\/wp-content\/uploads\/2026\/07\/SITE-RADIO-CIDADE-POSTAGEM-NOTICIAS-14-18x10.png 18w\" sizes=\"auto, (max-width: 800px) 100vw, 800px\" \/><\/figure>\n\n\n\n<figure class=\"wp-block-image size-large\"><img loading=\"lazy\" decoding=\"async\" width=\"1024\" height=\"577\" src=\"https:\/\/cidadeemalta.com.br\/wp-content\/uploads\/2026\/07\/20260715_212147.jpg-1-1024x577.jpeg\" alt=\"\" class=\"wp-image-421\" srcset=\"https:\/\/cidadeemalta.com.br\/wp-content\/uploads\/2026\/07\/20260715_212147.jpg-1-1024x577.jpeg 1024w, https:\/\/cidadeemalta.com.br\/wp-content\/uploads\/2026\/07\/20260715_212147.jpg-1-300x169.jpeg 300w, https:\/\/cidadeemalta.com.br\/wp-content\/uploads\/2026\/07\/20260715_212147.jpg-1-768x432.jpeg 768w, https:\/\/cidadeemalta.com.br\/wp-content\/uploads\/2026\/07\/20260715_212147.jpg-1-1536x865.jpeg 1536w, https:\/\/cidadeemalta.com.br\/wp-content\/uploads\/2026\/07\/20260715_212147.jpg-1-2048x1153.jpeg 2048w, https:\/\/cidadeemalta.com.br\/wp-content\/uploads\/2026\/07\/20260715_212147.jpg-1-18x10.jpeg 18w\" sizes=\"auto, (max-width: 1024px) 100vw, 1024px\" \/><\/figure>\n","protected":false},"excerpt":{"rendered":"<p>Na noite da \u00faltima quarta-feira, 15 de julho de 2026, a C\u00e2mara de Vereadores de Cruz Alta voltou a ser [&hellip;]<\/p>\n","protected":false},"author":1,"featured_media":421,"comment_status":"open","ping_status":"open","sticky":false,"template":"","format":"standard","meta":{"_uag_custom_page_level_css":"","_monsterinsights_skip_tracking":false,"_uf_show_specific_survey":0,"_uf_disable_surveys":false,"site-sidebar-layout":"default","site-content-layout":"","ast-site-content-layout":"default","site-content-style":"default","site-sidebar-style":"default","ast-global-header-display":"","ast-banner-title-visibility":"","ast-main-header-display":"","ast-hfb-above-header-display":"","ast-hfb-below-header-display":"","ast-hfb-mobile-header-display":"","site-post-title":"","ast-breadcrumbs-content":"","ast-featured-img":"","footer-sml-layout":"","ast-disable-related-posts":"","theme-transparent-header-meta":"","adv-header-id-meta":"","stick-header-meta":"","header-above-stick-meta":"","header-main-stick-meta":"","header-below-stick-meta":"","astra-migrate-meta-layouts":"default","ast-page-background-enabled":"default","ast-page-background-meta":{"desktop":{"background-color":"var(--ast-global-color-5)","background-image":"","background-repeat":"repeat","background-position":"center center","background-size":"auto","background-attachment":"scroll","background-type":"","background-media":"","overlay-type":"","overlay-color":"","overlay-opacity":"","overlay-gradient":""},"tablet":{"background-color":"","background-image":"","background-repeat":"repeat","background-position":"center center","background-size":"auto","background-attachment":"scroll","background-type":"","background-media":"","overlay-type":"","overlay-color":"","overlay-opacity":"","overlay-gradient":""},"mobile":{"background-color":"","background-image":"","background-repeat":"repeat","background-position":"center center","background-size":"auto","background-attachment":"scroll","background-type":"","background-media":"","overlay-type":"","overlay-color":"","overlay-opacity":"","overlay-gradient":""}},"ast-content-background-meta":{"desktop":{"background-color":"var(--ast-global-color-4)","background-image":"","background-repeat":"repeat","background-position":"center center","background-size":"auto","background-attachment":"scroll","background-type":"","background-media":"","overlay-type":"","overlay-color":"","overlay-opacity":"","overlay-gradient":""},"tablet":{"background-color":"var(--ast-global-color-4)","background-image":"","background-repeat":"repeat","background-position":"center center","background-size":"auto","background-attachment":"scroll","background-type":"","background-media":"","overlay-type":"","overlay-color":"","overlay-opacity":"","overlay-gradient":""},"mobile":{"background-color":"var(--ast-global-color-4)","background-image":"","background-repeat":"repeat","background-position":"center center","background-size":"auto","background-attachment":"scroll","background-type":"","background-media":"","overlay-type":"","overlay-color":"","overlay-opacity":"","overlay-gradient":""}},"footnotes":""},"categories":[16,13],"tags":[],"class_list":["post-420","post","type-post","status-publish","format-standard","has-post-thumbnail","hentry","category-comunidade","category-cruz-alta"],"aioseo_notices":[],"uagb_featured_image_src":{"full":["https:\/\/cidadeemalta.com.br\/wp-content\/uploads\/2026\/07\/20260715_212147.jpg-1-scaled.jpeg",2560,1441,false],"thumbnail":["https:\/\/cidadeemalta.com.br\/wp-content\/uploads\/2026\/07\/20260715_212147.jpg-1-150x150.jpeg",150,150,true],"medium":["https:\/\/cidadeemalta.com.br\/wp-content\/uploads\/2026\/07\/20260715_212147.jpg-1-300x169.jpeg",300,169,true],"medium_large":["https:\/\/cidadeemalta.com.br\/wp-content\/uploads\/2026\/07\/20260715_212147.jpg-1-768x432.jpeg",768,432,true],"large":["https:\/\/cidadeemalta.com.br\/wp-content\/uploads\/2026\/07\/20260715_212147.jpg-1-1024x577.jpeg",1024,577,true],"1536x1536":["https:\/\/cidadeemalta.com.br\/wp-content\/uploads\/2026\/07\/20260715_212147.jpg-1-1536x865.jpeg",1536,865,true],"2048x2048":["https:\/\/cidadeemalta.com.br\/wp-content\/uploads\/2026\/07\/20260715_212147.jpg-1-2048x1153.jpeg",2048,1153,true],"trp-custom-language-flag":["https:\/\/cidadeemalta.com.br\/wp-content\/uploads\/2026\/07\/20260715_212147.jpg-1-18x10.jpeg",18,10,true]},"uagb_author_info":{"display_name":"Adeildo Bueno | Cidade em Alta","author_link":"https:\/\/cidadeemalta.com.br\/en\/author\/cidadeemalta2026\/"},"uagb_comment_info":0,"uagb_excerpt":"Na noite da \u00faltima quarta-feira, 15 de julho de 2026, a C\u00e2mara de Vereadores de Cruz Alta voltou a ser [&hellip;]","_links":{"self":[{"href":"https:\/\/cidadeemalta.com.br\/en\/wp-json\/wp\/v2\/posts\/420","targetHints":{"allow":["GET"]}}],"collection":[{"href":"https:\/\/cidadeemalta.com.br\/en\/wp-json\/wp\/v2\/posts"}],"about":[{"href":"https:\/\/cidadeemalta.com.br\/en\/wp-json\/wp\/v2\/types\/post"}],"author":[{"embeddable":true,"href":"https:\/\/cidadeemalta.com.br\/en\/wp-json\/wp\/v2\/users\/1"}],"replies":[{"embeddable":true,"href":"https:\/\/cidadeemalta.com.br\/en\/wp-json\/wp\/v2\/comments?post=420"}],"version-history":[{"count":1,"href":"https:\/\/cidadeemalta.com.br\/en\/wp-json\/wp\/v2\/posts\/420\/revisions"}],"predecessor-version":[{"id":423,"href":"https:\/\/cidadeemalta.com.br\/en\/wp-json\/wp\/v2\/posts\/420\/revisions\/423"}],"wp:featuredmedia":[{"embeddable":true,"href":"https:\/\/cidadeemalta.com.br\/en\/wp-json\/wp\/v2\/media\/421"}],"wp:attachment":[{"href":"https:\/\/cidadeemalta.com.br\/en\/wp-json\/wp\/v2\/media?parent=420"}],"wp:term":[{"taxonomy":"category","embeddable":true,"href":"https:\/\/cidadeemalta.com.br\/en\/wp-json\/wp\/v2\/categories?post=420"},{"taxonomy":"post_tag","embeddable":true,"href":"https:\/\/cidadeemalta.com.br\/en\/wp-json\/wp\/v2\/tags?post=420"}],"curies":[{"name":"wp","href":"https:\/\/api.w.org\/{rel}","templated":true}]}}