{"id":416,"date":"2026-07-16T12:03:12","date_gmt":"2026-07-16T15:03:12","guid":{"rendered":"https:\/\/cidadeemalta.com.br\/?p=416"},"modified":"2026-07-16T12:03:14","modified_gmt":"2026-07-16T15:03:14","slug":"cruz-alta-promove-capacitacao-para-fortalecer-a-agricultura-familiar-e-o-empreendedorismo","status":"publish","type":"post","link":"https:\/\/cidadeemalta.com.br\/en\/cruz-alta-promove-capacitacao-para-fortalecer-a-agricultura-familiar-e-o-empreendedorismo\/","title":{"rendered":"CRUZ ALTA PROMOVE CAPACITA\u00c7\u00c3O PARA FORTALECER A AGRICULTURA FAMILIAR E O EMPREENDEDORISMO"},"content":{"rendered":"\n<p class=\"wp-block-paragraph\">A Administra\u00e7\u00e3o Municipal de Cruz Alta promoveu, nesta quarta-feira (15), mais uma edi\u00e7\u00e3o do Programa de Capacita\u00e7\u00e3o Caminhos do Sucesso, iniciativa voltada ao fortalecimento da agricultura familiar e ao desenvolvimento dos pequenos neg\u00f3cios do munic\u00edpio.<\/p>\n\n\n\n<p class=\"wp-block-paragraph\">Realizado por meio da Secretaria de Desenvolvimento Econ\u00f4mico, Ambiental, Trabalho e Inova\u00e7\u00e3o e da Sala do Empreendedor, em parceria com o SEBRAE RS, Banrisul, EMATER\/RS-Ascar, Secretaria Municipal de Agricultura, Sindicato Rural de Cruz Alta, Sindicato dos Trabalhadores Rurais e a Escola Estadual Margarida Pardelhas, o encontro reuniu os feirantes da Feira do Produtor para uma tarde de qualifica\u00e7\u00e3o e troca de experi\u00eancias.<\/p>\n\n\n\n<p class=\"wp-block-paragraph\">A prefeita Dra. Paula Rubin Facco Librelotto destacou a import\u00e2ncia da capacita\u00e7\u00e3o cont\u00ednua para o fortalecimento dos empreendedores e reafirmou o compromisso da Administra\u00e7\u00e3o Municipal em incentivar a\u00e7\u00f5es que promovam o desenvolvimento econ\u00f4mico e valorizem a produ\u00e7\u00e3o local.<\/p>\n\n\n\n<p class=\"wp-block-paragraph\">Tamb\u00e9m participaram da atividade o secret\u00e1rio de Desenvolvimento Econ\u00f4mico, Ambiental, Trabalho e Inova\u00e7\u00e3o, Rog\u00e9rio Coradini; o secret\u00e1rio adjunto de Desenvolvimento Econ\u00f4mico e gestor da Sala do Empreendedor, Cleberson Gardin; o vereador Hioran Cordeiro; a chefe do Escrit\u00f3rio Municipal da EMATER\/RS-Ascar, Larissa Lima dos Reis; e a diretora da Escola Estadual Margarida Pardelhas, Viviane dos Reis Knachaka.<\/p>\n\n\n\n<p class=\"wp-block-paragraph\">A programa\u00e7\u00e3o contou com palestra do analista de Relacionamento do SEBRAE RS, Ricardo Fenner, que abordou temas relacionados ao empreendedorismo, inova\u00e7\u00e3o, vendas e estrat\u00e9gias para o crescimento dos pequenos neg\u00f3cios. Na sequ\u00eancia, o gerente do Banrisul, Gustavo Ribeiro, apresentou as principais linhas de cr\u00e9dito e solu\u00e7\u00f5es financeiras destinadas aos empreendedores e produtores rurais.<\/p>\n\n\n\n<p class=\"wp-block-paragraph\">Durante o encontro, foi ressaltada a import\u00e2ncia da integra\u00e7\u00e3o entre o poder p\u00fablico e as institui\u00e7\u00f5es parceiras na oferta de conhecimento, orienta\u00e7\u00e3o t\u00e9cnica e acesso a oportunidades que contribuam para o fortalecimento da Feira do Produtor, da agricultura familiar e do desenvolvimento sustent\u00e1vel de Cruz Alta.<\/p>\n\n\n\n<p class=\"wp-block-paragraph\">Rep\u00f3rter Capel\u00e3o Pr. Adeildo Bueno<\/p>\n\n\n\n<p class=\"wp-block-paragraph\">Cidade em Alta<\/p>\n\n\n\n<p class=\"wp-block-paragraph\"><a href=\"https:\/\/l.facebook.com\/l.php?u=http%3A%2F%2Fwww.cidadeemalta.com.br%2F%3Ffbclid%3DIwZXh0bgNhZW0CMTAAYnJpZBExSEw4cXp3T2ljNlFCZEdpSHNydGMGYXBwX2lkEDIyMjAzOTE3ODgyMDA4OTIAAR4vd9gHyLhYb-blCeSuQ7S-qFjAJRSlyhNsyGHBiKjcf4S9ZW6T0dJHN5lcHw_aem_dRV2Z9FbB2CE1G73uLz1pw&amp;h=AUAVLnn3diLW747zUkcIBvAjX_iegQpjMbESzC1-RaQ0AnGaK0jTm3c59Iy9EkINhseXPb65lJ5d5rp2ajpQXk_1n-j72HaMSpmYN9xgr-PleeUmHi0EnSXDKi1LH3cjnyP9PBlj_QOq-UNmesI_O90JYETDZjvu&amp;__tn__=-UK-R&amp;c[0]=AUDT9nC-yBSWS4sefrAwWyqC_U22tPCrHOlkeWKznKTD4cjEquP6O5RgvFBbKfw_YBKFm1fDkhC8rFu3lA8T6AXRBTdbge0rtAWa6URo6aXrccFf3yNWigx5VWybfuylNL9KhifSho4bq5ZPR_sdjxxS5y69kmu__zCxigdGbD71W2A_pr71Jlvhj6KDM9GHSMKV3uWt0xI94QdPSqN8YMTo-w\" rel=\"noreferrer noopener\" target=\"_blank\">www.cidadeemalta.com.br<\/a><\/p>\n\n\n\n<figure class=\"wp-block-image size-full\"><img loading=\"lazy\" decoding=\"async\" width=\"800\" height=\"450\" src=\"https:\/\/cidadeemalta.com.br\/wp-content\/uploads\/2026\/07\/1-1.png\" alt=\"\" class=\"wp-image-417\" srcset=\"https:\/\/cidadeemalta.com.br\/wp-content\/uploads\/2026\/07\/1-1.png 800w, https:\/\/cidadeemalta.com.br\/wp-content\/uploads\/2026\/07\/1-1-300x169.png 300w, https:\/\/cidadeemalta.com.br\/wp-content\/uploads\/2026\/07\/1-1-768x432.png 768w, https:\/\/cidadeemalta.com.br\/wp-content\/uploads\/2026\/07\/1-1-18x10.png 18w\" sizes=\"auto, (max-width: 800px) 100vw, 800px\" \/><\/figure>\n\n\n\n<figure class=\"wp-block-image size-full\"><img loading=\"lazy\" decoding=\"async\" width=\"800\" height=\"450\" src=\"https:\/\/cidadeemalta.com.br\/wp-content\/uploads\/2026\/07\/2-1.png\" alt=\"\" class=\"wp-image-418\" srcset=\"https:\/\/cidadeemalta.com.br\/wp-content\/uploads\/2026\/07\/2-1.png 800w, https:\/\/cidadeemalta.com.br\/wp-content\/uploads\/2026\/07\/2-1-300x169.png 300w, https:\/\/cidadeemalta.com.br\/wp-content\/uploads\/2026\/07\/2-1-768x432.png 768w, https:\/\/cidadeemalta.com.br\/wp-content\/uploads\/2026\/07\/2-1-18x10.png 18w\" sizes=\"auto, (max-width: 800px) 100vw, 800px\" \/><\/figure>\n","protected":false},"excerpt":{"rendered":"<p>A Administra\u00e7\u00e3o Municipal de Cruz Alta promoveu, nesta quarta-feira (15), mais uma edi\u00e7\u00e3o do Programa de Capacita\u00e7\u00e3o Caminhos do Sucesso, [&hellip;]<\/p>\n","protected":false},"author":1,"featured_media":417,"comment_status":"open","ping_status":"open","sticky":false,"template":"","format":"standard","meta":{"_uag_custom_page_level_css":"","_monsterinsights_skip_tracking":false,"_uf_show_specific_survey":0,"_uf_disable_surveys":false,"site-sidebar-layout":"default","site-content-layout":"","ast-site-content-layout":"default","site-content-style":"default","site-sidebar-style":"default","ast-global-header-display":"","ast-banner-title-visibility":"","ast-main-header-display":"","ast-hfb-above-header-display":"","ast-hfb-below-header-display":"","ast-hfb-mobile-header-display":"","site-post-title":"","ast-breadcrumbs-content":"","ast-featured-img":"","footer-sml-layout":"","ast-disable-related-posts":"","theme-transparent-header-meta":"","adv-header-id-meta":"","stick-header-meta":"","header-above-stick-meta":"","header-main-stick-meta":"","header-below-stick-meta":"","astra-migrate-meta-layouts":"default","ast-page-background-enabled":"default","ast-page-background-meta":{"desktop":{"background-color":"var(--ast-global-color-5)","background-image":"","background-repeat":"repeat","background-position":"center center","background-size":"auto","background-attachment":"scroll","background-type":"","background-media":"","overlay-type":"","overlay-color":"","overlay-opacity":"","overlay-gradient":""},"tablet":{"background-color":"","background-image":"","background-repeat":"repeat","background-position":"center center","background-size":"auto","background-attachment":"scroll","background-type":"","background-media":"","overlay-type":"","overlay-color":"","overlay-opacity":"","overlay-gradient":""},"mobile":{"background-color":"","background-image":"","background-repeat":"repeat","background-position":"center center","background-size":"auto","background-attachment":"scroll","background-type":"","background-media":"","overlay-type":"","overlay-color":"","overlay-opacity":"","overlay-gradient":""}},"ast-content-background-meta":{"desktop":{"background-color":"var(--ast-global-color-4)","background-image":"","background-repeat":"repeat","background-position":"center center","background-size":"auto","background-attachment":"scroll","background-type":"","background-media":"","overlay-type":"","overlay-color":"","overlay-opacity":"","overlay-gradient":""},"tablet":{"background-color":"var(--ast-global-color-4)","background-image":"","background-repeat":"repeat","background-position":"center center","background-size":"auto","background-attachment":"scroll","background-type":"","background-media":"","overlay-type":"","overlay-color":"","overlay-opacity":"","overlay-gradient":""},"mobile":{"background-color":"var(--ast-global-color-4)","background-image":"","background-repeat":"repeat","background-position":"center center","background-size":"auto","background-attachment":"scroll","background-type":"","background-media":"","overlay-type":"","overlay-color":"","overlay-opacity":"","overlay-gradient":""}},"footnotes":""},"categories":[16,13,14],"tags":[],"class_list":["post-416","post","type-post","status-publish","format-standard","has-post-thumbnail","hentry","category-comunidade","category-cruz-alta","category-regiao"],"aioseo_notices":[],"uagb_featured_image_src":{"full":["https:\/\/cidadeemalta.com.br\/wp-content\/uploads\/2026\/07\/1-1.png",800,450,false],"thumbnail":["https:\/\/cidadeemalta.com.br\/wp-content\/uploads\/2026\/07\/1-1-150x150.png",150,150,true],"medium":["https:\/\/cidadeemalta.com.br\/wp-content\/uploads\/2026\/07\/1-1-300x169.png",300,169,true],"medium_large":["https:\/\/cidadeemalta.com.br\/wp-content\/uploads\/2026\/07\/1-1-768x432.png",768,432,true],"large":["https:\/\/cidadeemalta.com.br\/wp-content\/uploads\/2026\/07\/1-1.png",800,450,false],"1536x1536":["https:\/\/cidadeemalta.com.br\/wp-content\/uploads\/2026\/07\/1-1.png",800,450,false],"2048x2048":["https:\/\/cidadeemalta.com.br\/wp-content\/uploads\/2026\/07\/1-1.png",800,450,false],"trp-custom-language-flag":["https:\/\/cidadeemalta.com.br\/wp-content\/uploads\/2026\/07\/1-1-18x10.png",18,10,true]},"uagb_author_info":{"display_name":"Adeildo Bueno | Cidade em Alta","author_link":"https:\/\/cidadeemalta.com.br\/en\/author\/cidadeemalta2026\/"},"uagb_comment_info":1,"uagb_excerpt":"A Administra\u00e7\u00e3o Municipal de Cruz Alta promoveu, nesta quarta-feira (15), mais uma edi\u00e7\u00e3o do Programa de Capacita\u00e7\u00e3o Caminhos do Sucesso, [&hellip;]","_links":{"self":[{"href":"https:\/\/cidadeemalta.com.br\/en\/wp-json\/wp\/v2\/posts\/416","targetHints":{"allow":["GET"]}}],"collection":[{"href":"https:\/\/cidadeemalta.com.br\/en\/wp-json\/wp\/v2\/posts"}],"about":[{"href":"https:\/\/cidadeemalta.com.br\/en\/wp-json\/wp\/v2\/types\/post"}],"author":[{"embeddable":true,"href":"https:\/\/cidadeemalta.com.br\/en\/wp-json\/wp\/v2\/users\/1"}],"replies":[{"embeddable":true,"href":"https:\/\/cidadeemalta.com.br\/en\/wp-json\/wp\/v2\/comments?post=416"}],"version-history":[{"count":1,"href":"https:\/\/cidadeemalta.com.br\/en\/wp-json\/wp\/v2\/posts\/416\/revisions"}],"predecessor-version":[{"id":419,"href":"https:\/\/cidadeemalta.com.br\/en\/wp-json\/wp\/v2\/posts\/416\/revisions\/419"}],"wp:featuredmedia":[{"embeddable":true,"href":"https:\/\/cidadeemalta.com.br\/en\/wp-json\/wp\/v2\/media\/417"}],"wp:attachment":[{"href":"https:\/\/cidadeemalta.com.br\/en\/wp-json\/wp\/v2\/media?parent=416"}],"wp:term":[{"taxonomy":"category","embeddable":true,"href":"https:\/\/cidadeemalta.com.br\/en\/wp-json\/wp\/v2\/categories?post=416"},{"taxonomy":"post_tag","embeddable":true,"href":"https:\/\/cidadeemalta.com.br\/en\/wp-json\/wp\/v2\/tags?post=416"}],"curies":[{"name":"wp","href":"https:\/\/api.w.org\/{rel}","templated":true}]}}