{"id":411,"date":"2026-07-16T11:31:57","date_gmt":"2026-07-16T14:31:57","guid":{"rendered":"https:\/\/cidadeemalta.com.br\/?p=411"},"modified":"2026-07-16T11:32:00","modified_gmt":"2026-07-16T14:32:00","slug":"ad-3-fortalece-dialogo-com-a-imprensa-regional-em-encontro-institucional-realizado-em-cruz-alta","status":"publish","type":"post","link":"https:\/\/cidadeemalta.com.br\/en\/ad-3-fortalece-dialogo-com-a-imprensa-regional-em-encontro-institucional-realizado-em-cruz-alta\/","title":{"rendered":"AD\/3 fortalece di\u00e1logo com a imprensa regional em encontro institucional realizado em Cruz Alta"},"content":{"rendered":"\n<p class=\"wp-block-paragraph\">Na manh\u00e3 da \u00faltima quarta-feira, a Artilharia Division\u00e1ria da 3\u00aa Divis\u00e3o de Ex\u00e9rcito (AD\/3) promoveu, em Cruz Alta, um importante Encontro Institucional com Comunicadores da Regi\u00e3o, reunindo representantes de ve\u00edculos de comunica\u00e7\u00e3o para fortalecer a parceria entre o Ex\u00e9rcito Brasileiro e a imprensa regional.<\/p>\n\n\n\n<p class=\"wp-block-paragraph\">A iniciativa teve como principal objetivo ampliar os canais de di\u00e1logo, aproximar os profissionais da comunica\u00e7\u00e3o da institui\u00e7\u00e3o militar e proporcionar maior transpar\u00eancia sobre as atividades desenvolvidas pela AD\/3, contribuindo para que as informa\u00e7\u00f5es cheguem \u00e0 sociedade com clareza, responsabilidade e credibilidade.<\/p>\n\n\n\n<p class=\"wp-block-paragraph\">Durante o encontro, o General de Brigada Aquiles, comandante da AD\/3, destacou que manter um relacionamento pr\u00f3ximo com a imprensa \u00e9 fundamental para esclarecer informa\u00e7\u00f5es e aproximar a popula\u00e7\u00e3o do trabalho realizado pelo Ex\u00e9rcito Brasileiro.<\/p>\n\n\n\n<p class=\"wp-block-paragraph\">&#8220;\u00c9 importante reunir as m\u00eddias locais e regionais para que conhe\u00e7am nossos militares e possam esclarecer as informa\u00e7\u00f5es com mais facilidade. Dessa forma, a sociedade recebe conte\u00fados cada vez mais transparentes e confi\u00e1veis.&#8221;<\/p>\n\n\n\n<p class=\"wp-block-paragraph\">O General tamb\u00e9m explicou que a AD\/3 vive atualmente o per\u00edodo de qualifica\u00e7\u00e3o militar, etapa em que homens e mulheres da For\u00e7a s\u00e3o preparados em suas especialidades, antecedendo a fase de adestramento, quando ser\u00e3o realizados diversos exerc\u00edcios de campanha destinados \u00e0 consolida\u00e7\u00e3o dos conhecimentos operacionais.<\/p>\n\n\n\n<p class=\"wp-block-paragraph\">Segundo o comandante, essas atividades fazem parte do constante preparo da tropa para o cumprimento das miss\u00f5es constitucionais do Ex\u00e9rcito Brasileiro.<\/p>\n\n\n\n<p class=\"wp-block-paragraph\">Ao avaliar o encontro, o General ressaltou a import\u00e2ncia da aproxima\u00e7\u00e3o institucional.<\/p>\n\n\n\n<p class=\"wp-block-paragraph\">&#8220;Consideramos essa reuni\u00e3o fundamental para mantermos as pontes estabelecidas com a imprensa. Queremos que os comunicadores se sintam \u00e0 vontade para buscar informa\u00e7\u00f5es, esclarecer d\u00favidas e mostrar \u00e0 sociedade o trabalho que desenvolvemos.&#8221;<\/p>\n\n\n\n<p class=\"wp-block-paragraph\">O encontro tamb\u00e9m foi marcado pelo reconhecimento da import\u00e2ncia da comunica\u00e7\u00e3o social como instrumento de integra\u00e7\u00e3o entre as For\u00e7as Armadas e a comunidade, fortalecendo uma rela\u00e7\u00e3o baseada na confian\u00e7a, no respeito institucional e na transpar\u00eancia.<\/p>\n\n\n\n<p class=\"wp-block-paragraph\">A iniciativa foi coordenada pela Se\u00e7\u00e3o de Comunica\u00e7\u00e3o Social da AD\/3, sob a lideran\u00e7a do Major Jardel Forastieri, que reafirmou o compromisso da institui\u00e7\u00e3o em manter um relacionamento permanente com os ve\u00edculos de comunica\u00e7\u00e3o da regi\u00e3o e apoiar futuras pautas relacionadas ao Ex\u00e9rcito Brasileiro.<\/p>\n\n\n\n<p class=\"wp-block-paragraph\">O Cidade em Alta parabeniza a Artilharia Division\u00e1ria da 3\u00aa Divis\u00e3o de Ex\u00e9rcito pela realiza\u00e7\u00e3o do encontro e refor\u00e7a seu compromisso de continuar divulgando informa\u00e7\u00f5es de interesse p\u00fablico com responsabilidade, \u00e9tica e respeito \u00e0s institui\u00e7\u00f5es.<\/p>\n\n\n\n<p class=\"wp-block-paragraph\">Rep\u00f3rter Capel\u00e3o Pr. <a href=\"https:\/\/www.facebook.com\/capelaopradeildobueno?__cft__[0]=AZamXt-1LrfJ1Up5TwDEF3u5ia5KkVD0hWe-UyQ3XCi7VMgXRSoNCFPXHrqoCCkD0ShH257SVnOHDYy_8zPXGIuFDoDdaLKQcRa_AV9Rthboc23SSe2iGM87e3KVLBFM3EQBIxT_pCvVUidTr9nJN9qXWpu9pPHzML2TePdElCz0J3f6b6ucPkoLK4J3164iRV8&amp;__tn__=-]K-R\">Adeildo Bueno Ribeiro<\/a><\/p>\n\n\n\n<p class=\"wp-block-paragraph\">Cidade em Alta &#8211; R\u00e1dio Popular FM 107.9<\/p>\n\n\n\n<p class=\"wp-block-paragraph\"><a href=\"http:\/\/www.cidadeemalta.com.br\/?fbclid=IwZXh0bgNhZW0CMTAAYnJpZBExSEw4cXp3T2ljNlFCZEdpSHNydGMGYXBwX2lkEDIyMjAzOTE3ODgyMDA4OTIAAR6i-M8ckrrNQZKgw6k3xfwt5IGJwIEQaN6PoLXO3lV025mhXaMufHrersa1qw_aem_cGLBY4fWoK8pY7VDVk_Zpw\" rel=\"noreferrer noopener\" target=\"_blank\">www.cidadeemalta.com.br<\/a><\/p>\n\n\n\n<figure class=\"wp-block-image size-full\"><img loading=\"lazy\" decoding=\"async\" width=\"800\" height=\"450\" src=\"https:\/\/cidadeemalta.com.br\/wp-content\/uploads\/2026\/07\/1.png\" alt=\"\" class=\"wp-image-412\" srcset=\"https:\/\/cidadeemalta.com.br\/wp-content\/uploads\/2026\/07\/1.png 800w, https:\/\/cidadeemalta.com.br\/wp-content\/uploads\/2026\/07\/1-300x169.png 300w, https:\/\/cidadeemalta.com.br\/wp-content\/uploads\/2026\/07\/1-768x432.png 768w, https:\/\/cidadeemalta.com.br\/wp-content\/uploads\/2026\/07\/1-18x10.png 18w\" sizes=\"auto, (max-width: 800px) 100vw, 800px\" \/><\/figure>\n\n\n\n<figure class=\"wp-block-image size-full\"><img loading=\"lazy\" decoding=\"async\" width=\"800\" height=\"450\" src=\"https:\/\/cidadeemalta.com.br\/wp-content\/uploads\/2026\/07\/4.png\" alt=\"\" class=\"wp-image-413\" srcset=\"https:\/\/cidadeemalta.com.br\/wp-content\/uploads\/2026\/07\/4.png 800w, https:\/\/cidadeemalta.com.br\/wp-content\/uploads\/2026\/07\/4-300x169.png 300w, https:\/\/cidadeemalta.com.br\/wp-content\/uploads\/2026\/07\/4-768x432.png 768w, https:\/\/cidadeemalta.com.br\/wp-content\/uploads\/2026\/07\/4-18x10.png 18w\" sizes=\"auto, (max-width: 800px) 100vw, 800px\" \/><\/figure>\n\n\n\n<figure class=\"wp-block-image size-full\"><img loading=\"lazy\" decoding=\"async\" width=\"800\" height=\"450\" src=\"https:\/\/cidadeemalta.com.br\/wp-content\/uploads\/2026\/07\/2.png\" alt=\"\" class=\"wp-image-414\" srcset=\"https:\/\/cidadeemalta.com.br\/wp-content\/uploads\/2026\/07\/2.png 800w, https:\/\/cidadeemalta.com.br\/wp-content\/uploads\/2026\/07\/2-300x169.png 300w, https:\/\/cidadeemalta.com.br\/wp-content\/uploads\/2026\/07\/2-768x432.png 768w, https:\/\/cidadeemalta.com.br\/wp-content\/uploads\/2026\/07\/2-18x10.png 18w\" sizes=\"auto, (max-width: 800px) 100vw, 800px\" \/><\/figure>\n","protected":false},"excerpt":{"rendered":"<p>Na manh\u00e3 da \u00faltima quarta-feira, a Artilharia Division\u00e1ria da 3\u00aa Divis\u00e3o de Ex\u00e9rcito (AD\/3) promoveu, em Cruz Alta, um importante [&hellip;]<\/p>\n","protected":false},"author":1,"featured_media":412,"comment_status":"open","ping_status":"open","sticky":false,"template":"","format":"standard","meta":{"_uag_custom_page_level_css":"","_monsterinsights_skip_tracking":false,"_uf_show_specific_survey":0,"_uf_disable_surveys":false,"site-sidebar-layout":"default","site-content-layout":"","ast-site-content-layout":"default","site-content-style":"default","site-sidebar-style":"default","ast-global-header-display":"","ast-banner-title-visibility":"","ast-main-header-display":"","ast-hfb-above-header-display":"","ast-hfb-below-header-display":"","ast-hfb-mobile-header-display":"","site-post-title":"","ast-breadcrumbs-content":"","ast-featured-img":"","footer-sml-layout":"","ast-disable-related-posts":"","theme-transparent-header-meta":"","adv-header-id-meta":"","stick-header-meta":"","header-above-stick-meta":"","header-main-stick-meta":"","header-below-stick-meta":"","astra-migrate-meta-layouts":"default","ast-page-background-enabled":"default","ast-page-background-meta":{"desktop":{"background-color":"var(--ast-global-color-5)","background-image":"","background-repeat":"repeat","background-position":"center center","background-size":"auto","background-attachment":"scroll","background-type":"","background-media":"","overlay-type":"","overlay-color":"","overlay-opacity":"","overlay-gradient":""},"tablet":{"background-color":"","background-image":"","background-repeat":"repeat","background-position":"center center","background-size":"auto","background-attachment":"scroll","background-type":"","background-media":"","overlay-type":"","overlay-color":"","overlay-opacity":"","overlay-gradient":""},"mobile":{"background-color":"","background-image":"","background-repeat":"repeat","background-position":"center center","background-size":"auto","background-attachment":"scroll","background-type":"","background-media":"","overlay-type":"","overlay-color":"","overlay-opacity":"","overlay-gradient":""}},"ast-content-background-meta":{"desktop":{"background-color":"var(--ast-global-color-4)","background-image":"","background-repeat":"repeat","background-position":"center center","background-size":"auto","background-attachment":"scroll","background-type":"","background-media":"","overlay-type":"","overlay-color":"","overlay-opacity":"","overlay-gradient":""},"tablet":{"background-color":"var(--ast-global-color-4)","background-image":"","background-repeat":"repeat","background-position":"center center","background-size":"auto","background-attachment":"scroll","background-type":"","background-media":"","overlay-type":"","overlay-color":"","overlay-opacity":"","overlay-gradient":""},"mobile":{"background-color":"var(--ast-global-color-4)","background-image":"","background-repeat":"repeat","background-position":"center center","background-size":"auto","background-attachment":"scroll","background-type":"","background-media":"","overlay-type":"","overlay-color":"","overlay-opacity":"","overlay-gradient":""}},"footnotes":""},"categories":[16,13,18],"tags":[],"class_list":["post-411","post","type-post","status-publish","format-standard","has-post-thumbnail","hentry","category-comunidade","category-cruz-alta","category-seguranca"],"aioseo_notices":[],"uagb_featured_image_src":{"full":["https:\/\/cidadeemalta.com.br\/wp-content\/uploads\/2026\/07\/1.png",800,450,false],"thumbnail":["https:\/\/cidadeemalta.com.br\/wp-content\/uploads\/2026\/07\/1-150x150.png",150,150,true],"medium":["https:\/\/cidadeemalta.com.br\/wp-content\/uploads\/2026\/07\/1-300x169.png",300,169,true],"medium_large":["https:\/\/cidadeemalta.com.br\/wp-content\/uploads\/2026\/07\/1-768x432.png",768,432,true],"large":["https:\/\/cidadeemalta.com.br\/wp-content\/uploads\/2026\/07\/1.png",800,450,false],"1536x1536":["https:\/\/cidadeemalta.com.br\/wp-content\/uploads\/2026\/07\/1.png",800,450,false],"2048x2048":["https:\/\/cidadeemalta.com.br\/wp-content\/uploads\/2026\/07\/1.png",800,450,false],"trp-custom-language-flag":["https:\/\/cidadeemalta.com.br\/wp-content\/uploads\/2026\/07\/1-18x10.png",18,10,true]},"uagb_author_info":{"display_name":"Adeildo Bueno | Cidade em Alta","author_link":"https:\/\/cidadeemalta.com.br\/en\/author\/cidadeemalta2026\/"},"uagb_comment_info":0,"uagb_excerpt":"Na manh\u00e3 da \u00faltima quarta-feira, a Artilharia Division\u00e1ria da 3\u00aa Divis\u00e3o de Ex\u00e9rcito (AD\/3) promoveu, em Cruz Alta, um importante [&hellip;]","_links":{"self":[{"href":"https:\/\/cidadeemalta.com.br\/en\/wp-json\/wp\/v2\/posts\/411","targetHints":{"allow":["GET"]}}],"collection":[{"href":"https:\/\/cidadeemalta.com.br\/en\/wp-json\/wp\/v2\/posts"}],"about":[{"href":"https:\/\/cidadeemalta.com.br\/en\/wp-json\/wp\/v2\/types\/post"}],"author":[{"embeddable":true,"href":"https:\/\/cidadeemalta.com.br\/en\/wp-json\/wp\/v2\/users\/1"}],"replies":[{"embeddable":true,"href":"https:\/\/cidadeemalta.com.br\/en\/wp-json\/wp\/v2\/comments?post=411"}],"version-history":[{"count":1,"href":"https:\/\/cidadeemalta.com.br\/en\/wp-json\/wp\/v2\/posts\/411\/revisions"}],"predecessor-version":[{"id":415,"href":"https:\/\/cidadeemalta.com.br\/en\/wp-json\/wp\/v2\/posts\/411\/revisions\/415"}],"wp:featuredmedia":[{"embeddable":true,"href":"https:\/\/cidadeemalta.com.br\/en\/wp-json\/wp\/v2\/media\/412"}],"wp:attachment":[{"href":"https:\/\/cidadeemalta.com.br\/en\/wp-json\/wp\/v2\/media?parent=411"}],"wp:term":[{"taxonomy":"category","embeddable":true,"href":"https:\/\/cidadeemalta.com.br\/en\/wp-json\/wp\/v2\/categories?post=411"},{"taxonomy":"post_tag","embeddable":true,"href":"https:\/\/cidadeemalta.com.br\/en\/wp-json\/wp\/v2\/tags?post=411"}],"curies":[{"name":"wp","href":"https:\/\/api.w.org\/{rel}","templated":true}]}}