{"id":407,"date":"2026-06-30T22:57:12","date_gmt":"2026-07-01T01:57:12","guid":{"rendered":"https:\/\/cidadeemalta.com.br\/?p=407"},"modified":"2026-06-30T22:57:14","modified_gmt":"2026-07-01T01:57:14","slug":"marco-historico-cruz-alta-inicia-obras-do-complexo-industrial-soli3-com-investimento-de-r-125-bilhao","status":"publish","type":"post","link":"https:\/\/cidadeemalta.com.br\/en\/marco-historico-cruz-alta-inicia-obras-do-complexo-industrial-soli3-com-investimento-de-r-125-bilhao\/","title":{"rendered":"MARCO HIST\u00d3RICO: Cruz Alta inicia obras do Complexo Industrial Soli3 com investimento de R$ 1,25 bilh\u00e3o"},"content":{"rendered":"<p class=\"wp-block-paragraph\">Empreendimento dever\u00e1 ser conclu\u00eddo em 2028 e promete impulsionar a economia, gerar empregos e fortalecer o agroneg\u00f3cio ga\u00facho<\/p>\n\n\n\n<p class=\"wp-block-paragraph\">CRUZ ALTA (RS) \u2013 A ter\u00e7a-feira, 30 de junho de 2026, ficar\u00e1 marcada como um importante cap\u00edtulo na hist\u00f3ria do desenvolvimento econ\u00f4mico de Cruz Alta e da Regi\u00e3o Noroeste do Rio Grande do Sul. Foi realizada a solenidade oficial que marcou o in\u00edcio das obras do Complexo Industrial Soli3, empreendimento considerado um dos maiores investimentos privados recentes no setor de biocombust\u00edveis do Estado.<\/p>\n\n\n\n<p class=\"wp-block-paragraph\">O evento ocorreu na Rodovia Municipal Dr. Pedro Braga (estrada para Benjamin Nott), reunindo autoridades estaduais, municipais, representantes do cooperativismo e lideran\u00e7as do agroneg\u00f3cio. O complexo receber\u00e1 um investimento estimado em R$ 1,25 bilh\u00e3o e tem previs\u00e3o de conclus\u00e3o em 2028.<\/p>\n\n\n\n<p class=\"wp-block-paragraph\">Um dos maiores investimentos do Rio Grande do Sul<\/p>\n\n\n\n<p class=\"wp-block-paragraph\">A Soli3 nasce como um projeto estrat\u00e9gico para agregar valor \u00e0 produ\u00e7\u00e3o agr\u00edcola ga\u00facha. O empreendimento ser\u00e1 respons\u00e1vel pelo processamento de soja e pela produ\u00e7\u00e3o de biodiesel e outros derivados, fortalecendo a cadeia produtiva do agroneg\u00f3cio e ampliando a industrializa\u00e7\u00e3o no interior do Estado.<\/p>\n\n\n\n<p class=\"wp-block-paragraph\">Segundo informa\u00e7\u00f5es divulgadas pelo Governo do Estado e pela dire\u00e7\u00e3o da Soli3, quando estiver em pleno funcionamento, a ind\u00fastria ter\u00e1 capacidade para processar aproximadamente 3 mil toneladas de soja por dia, produzindo biodiesel, \u00f3leo degomado, farelo de soja, glicerina e outros coprodutos destinados ao mercado nacional e internacional.<\/p>\n\n\n\n<p class=\"wp-block-paragraph\">A expectativa \u00e9 que o complexo movimente cerca de R$ 2,5 bilh\u00f5es por ano, tornando-se um dos principais polos industriais do setor de biocombust\u00edveis do Sul do Brasil.<\/p>\n\n\n\n<p class=\"wp-block-paragraph\">Cooperativismo unido pelo desenvolvimento<\/p>\n\n\n\n<p class=\"wp-block-paragraph\">A Soli3 \u00e9 fruto da uni\u00e3o de tr\u00eas importantes cooperativas ga\u00fachas:<\/p>\n\n\n\n<p class=\"wp-block-paragraph\">Cotrijal, de N\u00e3o-Me-Toque;<\/p>\n\n\n\n<p class=\"wp-block-paragraph\">Cotripal, de Panambi;<\/p>\n\n\n\n<p class=\"wp-block-paragraph\">Cotrisal, de Sarandi.<\/p>\n\n\n\n<p class=\"wp-block-paragraph\">Juntas, as cooperativas representam mais de 35 mil produtores associados, presentes em mais de 100 munic\u00edpios do Rio Grande do Sul, consolidando um dos maiores projetos de intercoopera\u00e7\u00e3o do pa\u00eds.<\/p>\n\n\n\n<p class=\"wp-block-paragraph\">O objetivo da parceria \u00e9 ampliar o processamento da produ\u00e7\u00e3o agr\u00edcola dentro do pr\u00f3prio Estado, agregando valor aos gr\u00e3os produzidos pelos cooperados e fortalecendo toda a cadeia do agroneg\u00f3cio.<\/p>\n\n\n\n<p class=\"wp-block-paragraph\">Gera\u00e7\u00e3o de empregos e renda<\/p>\n\n\n\n<p class=\"wp-block-paragraph\">Al\u00e9m do impacto econ\u00f4mico, o empreendimento dever\u00e1 gerar importantes oportunidades de trabalho para Cruz Alta e regi\u00e3o.<\/p>\n\n\n\n<p class=\"wp-block-paragraph\">Durante a fase de constru\u00e7\u00e3o, a estimativa \u00e9 de aproximadamente 1.000 empregos diretos, envolvendo trabalhadores de diversos setores da constru\u00e7\u00e3o civil, engenharia e servi\u00e7os especializados.<\/p>\n\n\n\n<p class=\"wp-block-paragraph\">Ap\u00f3s a conclus\u00e3o das obras, prevista para 2028, o complexo dever\u00e1 manter cerca de 150 empregos diretos e aproximadamente 500 empregos indiretos, contribuindo significativamente para o fortalecimento da economia regional.<\/p>\n\n\n\n<p class=\"wp-block-paragraph\">Autoridades participaram da solenidade<\/p>\n\n\n\n<p class=\"wp-block-paragraph\">A cerim\u00f4nia contou com a presen\u00e7a de diversas autoridades pol\u00edticas e lideran\u00e7as do cooperativismo ga\u00facho.<\/p>\n\n\n\n<p class=\"wp-block-paragraph\">Entre os participantes estiveram o governador Eduardo Leite, o vice-governador Gabriel Souza, a prefeita de Cruz Alta, Dra. Paula Rubin Facco Librelotto, o deputado federal Pedro Westphalen, o deputado estadual Rafael Braga, representantes das cooperativas parceiras, lideran\u00e7as empresariais, produtores rurais e convidados.<\/p>\n\n\n\n<p class=\"wp-block-paragraph\">Durante a solenidade, foi destacado que o empreendimento representa um novo ciclo de desenvolvimento para Cruz Alta, refor\u00e7ando a posi\u00e7\u00e3o estrat\u00e9gica do munic\u00edpio pela localiza\u00e7\u00e3o privilegiada, infraestrutura log\u00edstica e proximidade com a malha ferrovi\u00e1ria.<\/p>\n\n\n\n<p class=\"wp-block-paragraph\">Um novo cap\u00edtulo para Cruz Alta<\/p>\n\n\n\n<p class=\"wp-block-paragraph\">Com o in\u00edcio das obras, Cruz Alta passa a integrar um dos maiores projetos industriais em implanta\u00e7\u00e3o no Rio Grande do Sul.<\/p>\n\n\n\n<p class=\"wp-block-paragraph\">A expectativa \u00e9 de que a Soli3 impulsione novos investimentos, fortale\u00e7a o setor agroindustrial, amplie a arrecada\u00e7\u00e3o do munic\u00edpio e gere oportunidades para empresas prestadoras de servi\u00e7os, fornecedores e trabalhadores da regi\u00e3o.<\/p>\n\n\n\n<p class=\"wp-block-paragraph\">O empreendimento simboliza mais um passo no fortalecimento do cooperativismo ga\u00facho e na valoriza\u00e7\u00e3o da produ\u00e7\u00e3o agr\u00edcola, consolidando Cruz Alta como um importante polo de desenvolvimento econ\u00f4mico do Estado. Cidade Em Alta<\/p>\n\n\n\n<p class=\"wp-block-paragraph\"><a href=\"https:\/\/cidadeemalta.com.br\/en\/?fbclid=IwZXh0bgNhZW0CMTAAYnJpZBExQ0FvWGN2aDJwSEoxSjJPd3NydGMGYXBwX2lkEDIyMjAzOTE3ODgyMDA4OTIAAR5G7EBjEk-uuZpoGtNZo7xh3LckT4FXBT6LV-cOasEd67rywaonUdT9Xzi9JQ_aem_cnHXiThe-_IYj7EG3taViA\" rel=\"noreferrer noopener\" target=\"_blank\">www.cidadeemalta.com.br<\/a><\/p>\n\n\n\n<p class=\"wp-block-paragraph\">Reportagem: Capel\u00e3o Pr. Adeildo Bueno<\/p>\n\n\n\n<p class=\"wp-block-paragraph\">Informa\u00e7\u00f5es: Governo do Estado do Rio Grande do Sul, Soli3 Uni\u00e3o Central Cooperativa, cooperativas Cotrijal, Cotripal e Cotrisal, al\u00e9m de informa\u00e7\u00f5es p\u00fablicas divulgadas durante a solenidade oficial.<\/p>\n\n\n\n<p class=\"wp-block-paragraph\">Foto: Divulga\u00e7\u00e3o \/ Governo do Estado do Rio Grande do Sul.<\/p>\n\n\n\n<p class=\"wp-block-paragraph\">Observa\u00e7\u00e3o editorial: Esta mat\u00e9ria foi produzida com base em informa\u00e7\u00f5es oficiais divulgadas pelos organizadores e por \u00f3rg\u00e3os p\u00fablicos.<\/p>\n\n\n\n<figure class=\"wp-block-image\"><img decoding=\"async\" src=\"https:\/\/scontent.fgel2-1.fna.fbcdn.net\/v\/t39.99422-6\/736343147_1605827128212330_7859249212752248412_n.png?stp=dst-jpg_tt6&amp;cstp=mx760x541&amp;ctp=s760x541&amp;_nc_cat=100&amp;ccb=1-7&amp;_nc_sid=127cfc&amp;_nc_ohc=AKGHQHDJ1vMQ7kNvwElMO_N&amp;_nc_oc=AdruKIPJ7pO8syJiJilPm_CABq8a7T_t-0yd3Z6i7QB-8EPsOZpr1R_KbxONj_WnN2ActJQFY2msSiCcfffREf20&amp;_nc_zt=14&amp;_nc_ht=scontent.fgel2-1.fna&amp;_nc_gid=O9oHGp5z3p9zVe_9id0VCA&amp;_nc_ss=7b2a8&amp;oh=00_AQA62zOw8SS_CWMi-Rkwa-zs_-7YB7SVh8kVkHd-61aT0Q&amp;oe=6A4A303E\" alt=\"Pode ser uma imagem de multid\u00e3o\"\/><\/figure>\n\n\n\n<figure class=\"wp-block-image\"><img decoding=\"async\" src=\"https:\/\/scontent.fgel2-1.fna.fbcdn.net\/v\/t39.99422-6\/733993031_1006297255592525_6821558972090916859_n.png?stp=dst-jpg_tt6&amp;cstp=mx1080x817&amp;ctp=s1080x817&amp;_nc_cat=109&amp;ccb=1-7&amp;_nc_sid=127cfc&amp;_nc_ohc=53fvog65SbEQ7kNvwEvbpxJ&amp;_nc_oc=AdrKm2ezUnnsQH7BYoa8qO8FEuHZxKc8gSicdIi59bJPiUyQALGCQicSxtpiQb0-BEV7DDMxadaCF_KXUcgS-sgJ&amp;_nc_zt=14&amp;_nc_ht=scontent.fgel2-1.fna&amp;_nc_gid=wGg8LKxO87FSLFOveCGfJg&amp;_nc_ss=7b2a8&amp;oh=00_AQD7wP3QiEot1gGUehJJsRnDICPtmLpi9BNggpwjszwBsw&amp;oe=6A4A55C3\" alt=\"Nenhuma descri\u00e7\u00e3o de foto dispon\u00edvel.\"\/><\/figure>\n\n\n\n<figure class=\"wp-block-image\"><img decoding=\"async\" src=\"https:\/\/scontent.fgel2-1.fna.fbcdn.net\/v\/t39.99422-6\/732871914_1747463086263440_8502404263695666758_n.png?stp=dst-jpg_tt6&amp;cstp=mx1080x591&amp;ctp=s1080x591&amp;_nc_cat=111&amp;ccb=1-7&amp;_nc_sid=127cfc&amp;_nc_ohc=cDGqN18Y7UwQ7kNvwEWrJTr&amp;_nc_oc=Adq5oScWYPdzyAKSXztIxE3Fac9EW4_hwOQiIA-aDwzXVRA7l5TCd_msnJvBTvT8yXAd6eC7mLl2_v5slW7iIVBE&amp;_nc_zt=14&amp;_nc_ht=scontent.fgel2-1.fna&amp;_nc_gid=PymLJjrT4gIOoa9qJdpV1Q&amp;_nc_ss=7b2a8&amp;oh=00_AQAKnzasiYVqhhwoL4CCdeG4phv3hOnts1S7AVLGxpceDQ&amp;oe=6A4A3457\" alt=\"Pode ser uma imagem de grama\"\/><\/figure>\n\n\n\n<figure class=\"wp-block-image\"><img decoding=\"async\" src=\"https:\/\/scontent.fgel2-1.fna.fbcdn.net\/v\/t39.99422-6\/736798714_3240234769493773_4500676826381724490_n.png?stp=dst-jpg_tt6&amp;cstp=mx1080x608&amp;ctp=s1080x608&amp;_nc_cat=107&amp;ccb=1-7&amp;_nc_sid=127cfc&amp;_nc_ohc=19q61YMrBwsQ7kNvwHqLUdR&amp;_nc_oc=AdoexPw9osIV_zJbWyLfVe10-XQEVk7wlyuppVk2zoarcPCcFF5l137ptHEkLMSbo51xyMfHdCoNv0A-lbMv2FJl&amp;_nc_zt=14&amp;_nc_ht=scontent.fgel2-1.fna&amp;_nc_gid=YPu-KEvaZXzy7p6v6g7Nsg&amp;_nc_ss=7b2a8&amp;oh=00_AQC7tscu70tHX167ZUqFGu7V4wTEW7uTAkihEG4Xev17SQ&amp;oe=6A4A4FE6\" alt=\"Nenhuma descri\u00e7\u00e3o de foto dispon\u00edvel.\"\/><\/figure>\n\n\n\n<figure class=\"wp-block-image\"><img decoding=\"async\" src=\"https:\/\/scontent.fgel2-1.fna.fbcdn.net\/v\/t39.99422-6\/735860358_3345275932299382_4355427746215780854_n.png?stp=dst-jpg_tt6&amp;cstp=mx1080x793&amp;ctp=s1080x793&amp;_nc_cat=107&amp;ccb=1-7&amp;_nc_sid=127cfc&amp;_nc_ohc=Quelmc9Jqp8Q7kNvwEElDDL&amp;_nc_oc=AdofS4SrYz-FwV3xRVx1JpWg0-6whWc8PjWOYnTn3RujdWnW7X2b2n0dROWpQsbyBgEMkq9ekcYPVKXZDaA_WiVN&amp;_nc_zt=14&amp;_nc_ht=scontent.fgel2-1.fna&amp;_nc_gid=Z1_qUbl5Gry4f4YAQkmjSA&amp;_nc_ss=7b2a8&amp;oh=00_AQAnAlG7IQiCRt_wllDnQDOx9l_VweAA7ReF70GeV_78bg&amp;oe=6A4A31BA\" alt=\"Pode ser uma imagem de dep\u00f3sito de madeira\"\/><\/figure>\n\n\n\n<p class=\"wp-block-paragraph\"><\/p>","protected":false},"excerpt":{"rendered":"<p>Empreendimento dever\u00e1 ser conclu\u00eddo em 2028 e promete impulsionar a economia, gerar empregos e fortalecer o agroneg\u00f3cio ga\u00facho CRUZ ALTA [&hellip;]<\/p>\n","protected":false},"author":1,"featured_media":408,"comment_status":"open","ping_status":"open","sticky":false,"template":"","format":"standard","meta":{"_uag_custom_page_level_css":"","_monsterinsights_skip_tracking":false,"_uf_show_specific_survey":0,"_uf_disable_surveys":false,"site-sidebar-layout":"default","site-content-layout":"","ast-site-content-layout":"default","site-content-style":"default","site-sidebar-style":"default","ast-global-header-display":"","ast-banner-title-visibility":"","ast-main-header-display":"","ast-hfb-above-header-display":"","ast-hfb-below-header-display":"","ast-hfb-mobile-header-display":"","site-post-title":"disabled","ast-breadcrumbs-content":"","ast-featured-img":"","footer-sml-layout":"","ast-disable-related-posts":"","theme-transparent-header-meta":"","adv-header-id-meta":"","stick-header-meta":"","header-above-stick-meta":"","header-main-stick-meta":"","header-below-stick-meta":"","astra-migrate-meta-layouts":"default","ast-page-background-enabled":"default","ast-page-background-meta":{"desktop":{"background-color":"var(--ast-global-color-5)","background-image":"","background-repeat":"repeat","background-position":"center center","background-size":"auto","background-attachment":"scroll","background-type":"","background-media":"","overlay-type":"","overlay-color":"","overlay-opacity":"","overlay-gradient":""},"tablet":{"background-color":"","background-image":"","background-repeat":"repeat","background-position":"center center","background-size":"auto","background-attachment":"scroll","background-type":"","background-media":"","overlay-type":"","overlay-color":"","overlay-opacity":"","overlay-gradient":""},"mobile":{"background-color":"","background-image":"","background-repeat":"repeat","background-position":"center center","background-size":"auto","background-attachment":"scroll","background-type":"","background-media":"","overlay-type":"","overlay-color":"","overlay-opacity":"","overlay-gradient":""}},"ast-content-background-meta":{"desktop":{"background-color":"var(--ast-global-color-4)","background-image":"","background-repeat":"repeat","background-position":"center center","background-size":"auto","background-attachment":"scroll","background-type":"","background-media":"","overlay-type":"","overlay-color":"","overlay-opacity":"","overlay-gradient":""},"tablet":{"background-color":"var(--ast-global-color-4)","background-image":"","background-repeat":"repeat","background-position":"center center","background-size":"auto","background-attachment":"scroll","background-type":"","background-media":"","overlay-type":"","overlay-color":"","overlay-opacity":"","overlay-gradient":""},"mobile":{"background-color":"var(--ast-global-color-4)","background-image":"","background-repeat":"repeat","background-position":"center center","background-size":"auto","background-attachment":"scroll","background-type":"","background-media":"","overlay-type":"","overlay-color":"","overlay-opacity":"","overlay-gradient":""}},"footnotes":""},"categories":[13],"tags":[],"class_list":["post-407","post","type-post","status-publish","format-standard","has-post-thumbnail","hentry","category-cruz-alta"],"aioseo_notices":[],"uagb_featured_image_src":{"full":["https:\/\/cidadeemalta.com.br\/wp-content\/uploads\/2026\/06\/SITE-RADIO-CIDADE-POSTAGEM-NOTICIAS-13.png",800,450,false],"thumbnail":["https:\/\/cidadeemalta.com.br\/wp-content\/uploads\/2026\/06\/SITE-RADIO-CIDADE-POSTAGEM-NOTICIAS-13-150x150.png",150,150,true],"medium":["https:\/\/cidadeemalta.com.br\/wp-content\/uploads\/2026\/06\/SITE-RADIO-CIDADE-POSTAGEM-NOTICIAS-13-300x169.png",300,169,true],"medium_large":["https:\/\/cidadeemalta.com.br\/wp-content\/uploads\/2026\/06\/SITE-RADIO-CIDADE-POSTAGEM-NOTICIAS-13-768x432.png",768,432,true],"large":["https:\/\/cidadeemalta.com.br\/wp-content\/uploads\/2026\/06\/SITE-RADIO-CIDADE-POSTAGEM-NOTICIAS-13.png",800,450,false],"1536x1536":["https:\/\/cidadeemalta.com.br\/wp-content\/uploads\/2026\/06\/SITE-RADIO-CIDADE-POSTAGEM-NOTICIAS-13.png",800,450,false],"2048x2048":["https:\/\/cidadeemalta.com.br\/wp-content\/uploads\/2026\/06\/SITE-RADIO-CIDADE-POSTAGEM-NOTICIAS-13.png",800,450,false],"trp-custom-language-flag":["https:\/\/cidadeemalta.com.br\/wp-content\/uploads\/2026\/06\/SITE-RADIO-CIDADE-POSTAGEM-NOTICIAS-13-18x10.png",18,10,true]},"uagb_author_info":{"display_name":"Adeildo Bueno | Cidade em Alta","author_link":"https:\/\/cidadeemalta.com.br\/en\/author\/cidadeemalta2026\/"},"uagb_comment_info":0,"uagb_excerpt":"Empreendimento dever\u00e1 ser conclu\u00eddo em 2028 e promete impulsionar a economia, gerar empregos e fortalecer o agroneg\u00f3cio ga\u00facho CRUZ ALTA [&hellip;]","_links":{"self":[{"href":"https:\/\/cidadeemalta.com.br\/en\/wp-json\/wp\/v2\/posts\/407","targetHints":{"allow":["GET"]}}],"collection":[{"href":"https:\/\/cidadeemalta.com.br\/en\/wp-json\/wp\/v2\/posts"}],"about":[{"href":"https:\/\/cidadeemalta.com.br\/en\/wp-json\/wp\/v2\/types\/post"}],"author":[{"embeddable":true,"href":"https:\/\/cidadeemalta.com.br\/en\/wp-json\/wp\/v2\/users\/1"}],"replies":[{"embeddable":true,"href":"https:\/\/cidadeemalta.com.br\/en\/wp-json\/wp\/v2\/comments?post=407"}],"version-history":[{"count":1,"href":"https:\/\/cidadeemalta.com.br\/en\/wp-json\/wp\/v2\/posts\/407\/revisions"}],"predecessor-version":[{"id":409,"href":"https:\/\/cidadeemalta.com.br\/en\/wp-json\/wp\/v2\/posts\/407\/revisions\/409"}],"wp:featuredmedia":[{"embeddable":true,"href":"https:\/\/cidadeemalta.com.br\/en\/wp-json\/wp\/v2\/media\/408"}],"wp:attachment":[{"href":"https:\/\/cidadeemalta.com.br\/en\/wp-json\/wp\/v2\/media?parent=407"}],"wp:term":[{"taxonomy":"category","embeddable":true,"href":"https:\/\/cidadeemalta.com.br\/en\/wp-json\/wp\/v2\/categories?post=407"},{"taxonomy":"post_tag","embeddable":true,"href":"https:\/\/cidadeemalta.com.br\/en\/wp-json\/wp\/v2\/tags?post=407"}],"curies":[{"name":"wp","href":"https:\/\/api.w.org\/{rel}","templated":true}]}}