{"id":397,"date":"2026-06-30T22:07:55","date_gmt":"2026-07-01T01:07:55","guid":{"rendered":"https:\/\/cidadeemalta.com.br\/?p=397"},"modified":"2026-06-30T22:07:57","modified_gmt":"2026-07-01T01:07:57","slug":"quatro-personalidades-recebem-o-titulo-de-cidadao-cruz-altense-em-sessao-solene-na-casa-da-cultura","status":"publish","type":"post","link":"https:\/\/cidadeemalta.com.br\/en\/quatro-personalidades-recebem-o-titulo-de-cidadao-cruz-altense-em-sessao-solene-na-casa-da-cultura\/","title":{"rendered":"QUATRO PERSONALIDADES RECEBEM O T\u00cdTULO DE CIDAD\u00c3O CRUZ-ALTENSE EM SESS\u00c3O SOLENE NA CASA DA CULTURA"},"content":{"rendered":"\n<p class=\"wp-block-paragraph\">CRUZ ALTA (RS) \u2013 A C\u00e2mara Municipal de Vereadores realizou, na noite desta ter\u00e7a-feira (30), uma Sess\u00e3o Solene para a entrega do T\u00edtulo de Cidad\u00e3o Cruz-Altense, uma das mais importantes honrarias concedidas pelo Poder Legislativo Municipal. A cerim\u00f4nia aconteceu na Casa da Cultura Justino Martins e reuniu autoridades, familiares, convidados e a comunidade.<\/p>\n\n\n\n<p class=\"wp-block-paragraph\">Prestigiaram a solenidade a Prefeita Dra. Paula Rubin Facco Librelotto, o Deputado Estadual Rafael Braga, o Deputado Federal Pedro Westphalen, o Presidente da C\u00e2mara de Vereadores, Mateus Amaral, al\u00e9m de vereadores, secret\u00e1rios municipais, secret\u00e1rias, lideran\u00e7as e um expressivo p\u00fablico.<\/p>\n\n\n\n<p class=\"wp-block-paragraph\">O que representa o T\u00edtulo de Cidad\u00e3o Cruz-Altense?<\/p>\n\n\n\n<p class=\"wp-block-paragraph\">O T\u00edtulo de Cidad\u00e3o Cruz-Altense \u00e9 uma honraria concedida pela C\u00e2mara Municipal a pessoas que, embora n\u00e3o tenham nascido em Cruz Alta, prestaram relevantes servi\u00e7os ao munic\u00edpio ou contribu\u00edram de forma significativa para seu desenvolvimento econ\u00f4mico, social, esportivo, cultural ou institucional.<\/p>\n\n\n\n<p class=\"wp-block-paragraph\">Mais do que um reconhecimento simb\u00f3lico, a homenagem representa o agradecimento oficial da comunidade cruz-altense \u00e0queles que, por meio de seu trabalho, dedica\u00e7\u00e3o e compromisso, ajudaram a construir uma cidade mais forte e pr\u00f3spera.<\/p>\n\n\n\n<p class=\"wp-block-paragraph\">Os homenageados<\/p>\n\n\n\n<p class=\"wp-block-paragraph\">Pedro Brair<\/p>\n\n\n\n<p class=\"wp-block-paragraph\">Empres\u00e1rio e fundador da Rede de Farm\u00e1cias S\u00e3o Jo\u00e3o, Pedro Brair \u00e9 reconhecido por sua trajet\u00f3ria empreendedora e pela gera\u00e7\u00e3o de empregos e investimentos em diversas regi\u00f5es do Rio Grande do Sul, incluindo Cruz Alta. Sua atua\u00e7\u00e3o no setor empresarial contribui para o fortalecimento da economia local e para o desenvolvimento regional.<\/p>\n\n\n\n<p class=\"wp-block-paragraph\">Silvio Albrecht<\/p>\n\n\n\n<p class=\"wp-block-paragraph\">Presidente do Esporte Clube Nacional, Silvio Albrecht tem desempenhado importante papel na valoriza\u00e7\u00e3o do esporte cruz-altense. Seu trabalho \u00e9 marcado pelo fortalecimento da institui\u00e7\u00e3o, preserva\u00e7\u00e3o da hist\u00f3ria do clube e incentivo ao esporte como ferramenta de integra\u00e7\u00e3o social.<\/p>\n\n\n\n<p class=\"wp-block-paragraph\">Nei C\u00e9sar Manica<\/p>\n\n\n\n<p class=\"wp-block-paragraph\">Presidente da Cotrijal Cooperativa Agropecu\u00e1ria e Industrial, Nei C\u00e9sar Manica \u00e9 uma das principais lideran\u00e7as do cooperativismo brasileiro. Entre suas contribui\u00e7\u00f5es para Cruz Alta destaca-se a participa\u00e7\u00e3o no projeto do Complexo Industrial Soli3, empreendimento que representa um investimento de aproximadamente R$ 1,25 bilh\u00e3o e dever\u00e1 impulsionar a gera\u00e7\u00e3o de empregos, renda e desenvolvimento econ\u00f4mico para toda a regi\u00e3o.<\/p>\n\n\n\n<p class=\"wp-block-paragraph\">Gabriel Souza<\/p>\n\n\n\n<p class=\"wp-block-paragraph\">Vice-governador do Rio Grande do Sul, Gabriel Souza tem atuado no apoio a importantes investimentos e projetos voltados ao desenvolvimento de Cruz Alta e da regi\u00e3o, especialmente nas \u00e1reas de infraestrutura, agroneg\u00f3cio e crescimento econ\u00f4mico, mantendo di\u00e1logo permanente com as lideran\u00e7as locais.<\/p>\n\n\n\n<p class=\"wp-block-paragraph\">Uma noite de reconhecimento<\/p>\n\n\n\n<p class=\"wp-block-paragraph\">Durante a cerim\u00f4nia, autoridades destacaram a import\u00e2ncia de reconhecer pessoas que contribuem efetivamente para o progresso do munic\u00edpio. Em clima de emo\u00e7\u00e3o e gratid\u00e3o, familiares, amigos e convidados acompanharam as homenagens, que simbolizam o reconhecimento oficial da popula\u00e7\u00e3o cruz-altense ao legado constru\u00eddo por cada homenageado.<\/p>\n\n\n\n<p class=\"wp-block-paragraph\">A Sess\u00e3o Solene reafirmou o compromisso do Poder Legislativo em valorizar cidad\u00e3os que deixam sua marca na hist\u00f3ria de Cruz Alta por meio do trabalho, da dedica\u00e7\u00e3o e do compromisso com o desenvolvimento da comunidade.<\/p>\n\n\n\n<p class=\"wp-block-paragraph\">Cidade em Alta parabeniza os homenageados pela honraria recebida e deseja que este reconhecimento inspire novas a\u00e7\u00f5es em favor do crescimento do munic\u00edpio.<\/p>\n\n\n\n<p class=\"wp-block-paragraph\">Cidade em Alta<\/p>\n\n\n\n<p class=\"wp-block-paragraph\"><a href=\"https:\/\/l.facebook.com\/l.php?u=http%3A%2F%2Fwww.cidadeemalta.com.br%2F%3Ffbclid%3DIwZXh0bgNhZW0CMTAAYnJpZBExelJlb0FDTEhiaW5lT2hycXNydGMGYXBwX2lkEDIyMjAzOTE3ODgyMDA4OTIAAR4A3iRVGwZ1xgxFMuY_1mxnK-jFG-agNPu28-_2REp3t9_928D4sr8_GKow0Q_aem_rbQkTGc-HzBV0CuT2Xb0Rw&amp;h=AUCPFV29TFobSd_r4bfJW4xqXzvz4-CE2eZyEHt_0kzVbtFng5TAQ0crvnAClkPahbYCZC5mOUVzhJn8Vbqwa1QQm9q0m2VF25UCsjDj-CdcTpdfl8ruqCGRF3tcHpvgwMtyLIXLtDqaZbbwUuHWh5eH600-gn-h&amp;__tn__=-UK-R&amp;c[0]=AUB67ooneX0Tu7B0GRvMVuMIOnQiavEFehiPanCidPedEPjXGZYCWMnBGph4EwGBFRPWdAaOcqso2LGZHv3wmaCOfLnRztcgp7XfPVuGP2pVPgINtwKQi9l85mQAb9rQ3pM4VH0GSX_D9dE7_mq3vWpf3k8Vze3HoW9O4ko8F2d7NUTcn6caL53NksFh-Ppoe4Mssfiq4Ys2nCvdlOaI3uJUwg\" rel=\"noreferrer noopener\" target=\"_blank\">www.cidadeemalta.com.br<\/a><\/p>\n\n\n\n<p class=\"wp-block-paragraph\">Rep\u00f3rter <a href=\"https:\/\/www.facebook.com\/capelaopradeildobueno?__cft__[0]=AZZkSZ2WbCL3BLhohhjpjq0K2f5fUDAj-tcPM65WOqRxc7kp6JMm5U3rCpgVU7l76Dy9TeIS3R5KoEcDbWKCdWNEXRyyubBX2dVs0XcqlgKpA-4uFhpjhweVTnvur-z5u1Totjq8Y_26y24be4J6L3_hY9EOwtMCQLNB91twPEj49ASscO4clNyKbC2cG1OTnBI&amp;__tn__=-]K-R\">Adeildo Bueno Ribe<\/a>iro<\/p>\n\n\n\n<figure class=\"wp-block-image size-full\"><img loading=\"lazy\" decoding=\"async\" width=\"800\" height=\"450\" src=\"https:\/\/cidadeemalta.com.br\/wp-content\/uploads\/2026\/06\/hj9.png\" alt=\"\" class=\"wp-image-398\" srcset=\"https:\/\/cidadeemalta.com.br\/wp-content\/uploads\/2026\/06\/hj9.png 800w, https:\/\/cidadeemalta.com.br\/wp-content\/uploads\/2026\/06\/hj9-300x169.png 300w, https:\/\/cidadeemalta.com.br\/wp-content\/uploads\/2026\/06\/hj9-768x432.png 768w, https:\/\/cidadeemalta.com.br\/wp-content\/uploads\/2026\/06\/hj9-18x10.png 18w\" sizes=\"auto, (max-width: 800px) 100vw, 800px\" \/><\/figure>\n\n\n\n<figure class=\"wp-block-image size-full\"><img loading=\"lazy\" decoding=\"async\" width=\"842\" height=\"400\" src=\"http:\/\/cidadeemalta.com.br\/wp-content\/uploads\/2026\/06\/hy4.jpg\" alt=\"\" class=\"wp-image-400\" srcset=\"https:\/\/cidadeemalta.com.br\/wp-content\/uploads\/2026\/06\/hy4.jpg 842w, https:\/\/cidadeemalta.com.br\/wp-content\/uploads\/2026\/06\/hy4-300x143.jpg 300w, https:\/\/cidadeemalta.com.br\/wp-content\/uploads\/2026\/06\/hy4-768x365.jpg 768w, https:\/\/cidadeemalta.com.br\/wp-content\/uploads\/2026\/06\/hy4-18x9.jpg 18w\" sizes=\"auto, (max-width: 842px) 100vw, 842px\" \/><\/figure>\n\n\n\n<figure class=\"wp-block-image size-full\"><img loading=\"lazy\" decoding=\"async\" width=\"829\" height=\"469\" src=\"https:\/\/cidadeemalta.com.br\/wp-content\/uploads\/2026\/06\/hy2.jpg\" alt=\"\" class=\"wp-image-401\" srcset=\"https:\/\/cidadeemalta.com.br\/wp-content\/uploads\/2026\/06\/hy2.jpg 829w, https:\/\/cidadeemalta.com.br\/wp-content\/uploads\/2026\/06\/hy2-300x170.jpg 300w, https:\/\/cidadeemalta.com.br\/wp-content\/uploads\/2026\/06\/hy2-768x434.jpg 768w, https:\/\/cidadeemalta.com.br\/wp-content\/uploads\/2026\/06\/hy2-18x10.jpg 18w\" sizes=\"auto, (max-width: 829px) 100vw, 829px\" \/><\/figure>\n\n\n\n<figure class=\"wp-block-image size-full\"><img loading=\"lazy\" decoding=\"async\" width=\"855\" height=\"480\" src=\"https:\/\/cidadeemalta.com.br\/wp-content\/uploads\/2026\/06\/hy.jpg\" alt=\"\" class=\"wp-image-402\" srcset=\"https:\/\/cidadeemalta.com.br\/wp-content\/uploads\/2026\/06\/hy.jpg 855w, https:\/\/cidadeemalta.com.br\/wp-content\/uploads\/2026\/06\/hy-300x168.jpg 300w, https:\/\/cidadeemalta.com.br\/wp-content\/uploads\/2026\/06\/hy-768x431.jpg 768w, https:\/\/cidadeemalta.com.br\/wp-content\/uploads\/2026\/06\/hy-18x10.jpg 18w\" sizes=\"auto, (max-width: 855px) 100vw, 855px\" \/><\/figure>\n\n\n\n<p class=\"wp-block-paragraph\"><\/p>\n\n\n\n<div class=\"wp-block-uagb-call-to-action uagb-block-9aef45bf wp-block-button\"><div class=\"uagb-cta__wrap\"><h3 class=\"uagb-cta__title\">Call To Action<\/h3><p class=\"uagb-cta__desc\">Click here to change this text. Lorem ipsum dolor sit amet, consectetur adipiscing elit. Ut elit tellus, luctus nec ullamcorper mattis, pulvinar dapibus leo.<\/p><\/div><div class=\"uagb-cta__buttons\"><a href=\"#\" class=\"uagb-cta__button-link-wrapper wp-block-button__link\" target=\"_self\" rel=\"noopener noreferrer\">Read More<svg xmlns=\"https:\/\/www.w3.org\/2000\/svg\" viewBox=\"0 0 512 512\"><path d=\"M504.3 273.6l-112.1 104c-6.992 6.484-17.18 8.218-25.94 4.406c-8.758-3.812-14.42-12.45-14.42-21.1L351.9 288H32C14.33 288 .0002 273.7 .0002 255.1S14.33 224 32 224h319.9l0-72c0-9.547 5.66-18.19 14.42-22c8.754-3.809 18.95-2.075 25.94 4.41l112.1 104C514.6 247.9 514.6 264.1 504.3 273.6z\"><\/path><\/svg><\/a><\/div><\/div>\n","protected":false},"excerpt":{"rendered":"<p>CRUZ ALTA (RS) \u2013 A C\u00e2mara Municipal de Vereadores realizou, na noite desta ter\u00e7a-feira (30), uma Sess\u00e3o Solene para a [&hellip;]<\/p>\n","protected":false},"author":1,"featured_media":399,"comment_status":"open","ping_status":"open","sticky":false,"template":"","format":"standard","meta":{"_uag_custom_page_level_css":"","_monsterinsights_skip_tracking":false,"_uf_show_specific_survey":0,"_uf_disable_surveys":false,"site-sidebar-layout":"default","site-content-layout":"","ast-site-content-layout":"default","site-content-style":"default","site-sidebar-style":"default","ast-global-header-display":"","ast-banner-title-visibility":"","ast-main-header-display":"","ast-hfb-above-header-display":"","ast-hfb-below-header-display":"","ast-hfb-mobile-header-display":"","site-post-title":"","ast-breadcrumbs-content":"","ast-featured-img":"","footer-sml-layout":"","ast-disable-related-posts":"","theme-transparent-header-meta":"","adv-header-id-meta":"","stick-header-meta":"","header-above-stick-meta":"","header-main-stick-meta":"","header-below-stick-meta":"","astra-migrate-meta-layouts":"default","ast-page-background-enabled":"default","ast-page-background-meta":{"desktop":{"background-color":"var(--ast-global-color-5)","background-image":"","background-repeat":"repeat","background-position":"center center","background-size":"auto","background-attachment":"scroll","background-type":"","background-media":"","overlay-type":"","overlay-color":"","overlay-opacity":"","overlay-gradient":""},"tablet":{"background-color":"","background-image":"","background-repeat":"repeat","background-position":"center center","background-size":"auto","background-attachment":"scroll","background-type":"","background-media":"","overlay-type":"","overlay-color":"","overlay-opacity":"","overlay-gradient":""},"mobile":{"background-color":"","background-image":"","background-repeat":"repeat","background-position":"center center","background-size":"auto","background-attachment":"scroll","background-type":"","background-media":"","overlay-type":"","overlay-color":"","overlay-opacity":"","overlay-gradient":""}},"ast-content-background-meta":{"desktop":{"background-color":"var(--ast-global-color-4)","background-image":"","background-repeat":"repeat","background-position":"center center","background-size":"auto","background-attachment":"scroll","background-type":"","background-media":"","overlay-type":"","overlay-color":"","overlay-opacity":"","overlay-gradient":""},"tablet":{"background-color":"var(--ast-global-color-4)","background-image":"","background-repeat":"repeat","background-position":"center center","background-size":"auto","background-attachment":"scroll","background-type":"","background-media":"","overlay-type":"","overlay-color":"","overlay-opacity":"","overlay-gradient":""},"mobile":{"background-color":"var(--ast-global-color-4)","background-image":"","background-repeat":"repeat","background-position":"center center","background-size":"auto","background-attachment":"scroll","background-type":"","background-media":"","overlay-type":"","overlay-color":"","overlay-opacity":"","overlay-gradient":""}},"footnotes":""},"categories":[13],"tags":[],"class_list":["post-397","post","type-post","status-publish","format-standard","has-post-thumbnail","hentry","category-cruz-alta"],"aioseo_notices":[],"uagb_featured_image_src":{"full":["https:\/\/cidadeemalta.com.br\/wp-content\/uploads\/2026\/06\/hy3.jpg",844,443,false],"thumbnail":["https:\/\/cidadeemalta.com.br\/wp-content\/uploads\/2026\/06\/hy3-150x150.jpg",150,150,true],"medium":["https:\/\/cidadeemalta.com.br\/wp-content\/uploads\/2026\/06\/hy3-300x157.jpg",300,157,true],"medium_large":["https:\/\/cidadeemalta.com.br\/wp-content\/uploads\/2026\/06\/hy3-768x403.jpg",768,403,true],"large":["https:\/\/cidadeemalta.com.br\/wp-content\/uploads\/2026\/06\/hy3.jpg",844,443,false],"1536x1536":["https:\/\/cidadeemalta.com.br\/wp-content\/uploads\/2026\/06\/hy3.jpg",844,443,false],"2048x2048":["https:\/\/cidadeemalta.com.br\/wp-content\/uploads\/2026\/06\/hy3.jpg",844,443,false],"trp-custom-language-flag":["https:\/\/cidadeemalta.com.br\/wp-content\/uploads\/2026\/06\/hy3-18x9.jpg",18,9,true]},"uagb_author_info":{"display_name":"Adeildo Bueno | Cidade em Alta","author_link":"https:\/\/cidadeemalta.com.br\/en\/author\/cidadeemalta2026\/"},"uagb_comment_info":0,"uagb_excerpt":"CRUZ ALTA (RS) \u2013 A C\u00e2mara Municipal de Vereadores realizou, na noite desta ter\u00e7a-feira (30), uma Sess\u00e3o Solene para a [&hellip;]","_links":{"self":[{"href":"https:\/\/cidadeemalta.com.br\/en\/wp-json\/wp\/v2\/posts\/397","targetHints":{"allow":["GET"]}}],"collection":[{"href":"https:\/\/cidadeemalta.com.br\/en\/wp-json\/wp\/v2\/posts"}],"about":[{"href":"https:\/\/cidadeemalta.com.br\/en\/wp-json\/wp\/v2\/types\/post"}],"author":[{"embeddable":true,"href":"https:\/\/cidadeemalta.com.br\/en\/wp-json\/wp\/v2\/users\/1"}],"replies":[{"embeddable":true,"href":"https:\/\/cidadeemalta.com.br\/en\/wp-json\/wp\/v2\/comments?post=397"}],"version-history":[{"count":1,"href":"https:\/\/cidadeemalta.com.br\/en\/wp-json\/wp\/v2\/posts\/397\/revisions"}],"predecessor-version":[{"id":403,"href":"https:\/\/cidadeemalta.com.br\/en\/wp-json\/wp\/v2\/posts\/397\/revisions\/403"}],"wp:featuredmedia":[{"embeddable":true,"href":"https:\/\/cidadeemalta.com.br\/en\/wp-json\/wp\/v2\/media\/399"}],"wp:attachment":[{"href":"https:\/\/cidadeemalta.com.br\/en\/wp-json\/wp\/v2\/media?parent=397"}],"wp:term":[{"taxonomy":"category","embeddable":true,"href":"https:\/\/cidadeemalta.com.br\/en\/wp-json\/wp\/v2\/categories?post=397"},{"taxonomy":"post_tag","embeddable":true,"href":"https:\/\/cidadeemalta.com.br\/en\/wp-json\/wp\/v2\/tags?post=397"}],"curies":[{"name":"wp","href":"https:\/\/api.w.org\/{rel}","templated":true}]}}